{"id":37207,"date":"2019-08-04T17:23:15","date_gmt":"2019-08-04T15:23:15","guid":{"rendered":"http:\/\/lesmaconsdelacreuse.fr\/annuaire\/?p=37207"},"modified":"2020-10-08T14:37:41","modified_gmt":"2020-10-08T12:37:41","slug":"m_403","status":"publish","type":"post","link":"https:\/\/www.lesmaconsdelacreuse.fr\/annuaires\/lettre-m\/m_403\/","title":{"rendered":"MAURY Henri Eug\u00e8ne (1877-1950)"},"content":{"rendered":"<p class=\"last-updated\"><strong>Mis \u00e0 jour le :<\/strong> 25\/04\/2026<\/p><h2 style=\"text-align: center;\"><strong>Henri Eug\u00e8ne MAURY<\/strong><\/h2>\n<p style=\"text-align: center;\"><strong>Eug\u00e8ne MAURY<\/strong><\/p>\n<p style=\"text-align: center;\"><strong>1877 &#8211; 1950<\/strong><\/p>\n<p style=\"text-align: center;\"><img decoding=\"async\" title=\"\" src=\"https:\/\/lesmaconsdelacreuse.fr\/annuaire\/wp-content\/uploads\/2019\/08\/image1-1093.jpg\" alt=\"\" data-asset-id=\"37204\" data-source-id=\"i.0\" \/><\/p>\n<h4 style=\"text-align: center;\"><span style=\"color: #008000;\"><strong>entrepreneur de ma\u00e7onnerie<\/strong><\/span><\/h4>\n<p>&nbsp;<\/p>\n<p style=\"text-align: center;\">n\u00e9 \u00e0 Paris 5e<\/p>\n<p style=\"text-align: center;\">le 11 juillet 1877<\/p>\n<p style=\"text-align: center;\">fils de<\/p>\n<p style=\"text-align: center;\">\u00c9tienne MAURY, <span style=\"color: #008000;\"><strong>ma\u00e7on <\/strong><\/span>et<strong>\u00a0<em>\u25ba<a href=\"https:\/\/www.lesmaconsdelacreuse.fr\/annuaires\/wp-content\/uploads\/2020\/08\/LOGEUR-LOGEUSE.png\">logeur<\/a><\/em><\/strong><\/p>\n<p style=\"text-align: center;\">Marie LARBANEIX<\/p>\n<p style=\"text-align: center;\"><span style=\"color: #ffffff;\">\u25d9<\/span><\/p>\n<p><em>Eug\u00e8ne, <\/em><span style=\"color: #008000;\"><strong>ma\u00e7on<\/strong><\/span><em>, \u00e9pouse M\u00e9lanie Jeanne <\/em><strong>GOURBAUD<\/strong><em> le 21 janvier <\/em><strong>1904<\/strong> <em>\u00e0 Saint-Pierre-le-Bost. <\/em><\/p>\n<p><strong>En 1911<\/strong><em>, il est\u00a0<\/em><span style=\"color: #008000;\"><strong><em>\u25ba<\/em><a href=\"https:\/\/www.lesmaconsdelacreuse.fr\/annuaires\/wp-content\/uploads\/2020\/08\/CONTREMAITRE-MA\u00c7ON.png\" target=\"_blank\" rel=\"noopener noreferrer\">contrema\u00eetre<\/a> de ma\u00e7onnerie<\/strong><\/span><em>.<\/em><\/p>\n<p><strong>En 1913<\/strong><em>, il travaille \u00e0 <\/em><span style=\"color: #0000ff;\"><strong>Paris (75) <\/strong><\/span><em>et loge 9, rue Rollin.<\/em><\/p>\n<p><strong>En 1927 et 1928<\/strong><em>, il est <\/em><span style=\"color: #008000;\"><strong>entrepreneur<\/strong><\/span><em>, et les \u00e9poux habitent <\/em><span style=\"color: #0000ff;\"><strong>Drancy (93)<\/strong><\/span><em>, 12, rue Bl\u00e9riot.<\/em><\/p>\n<p><em>Ils d\u00e9c\u00e8dent\u00a0:<\/em><\/p>\n<ul>\n<li><em>Eug\u00e8ne, le 25 mai <\/em><strong>1950<\/strong> <em> \u00e0 Pramy, commune de Saint-Pierre, \u00e2g\u00e9 de 72 ans<\/em><\/li>\n<li><em>M\u00e9lanie, le 18 septembre <\/em><strong>1957<\/strong><em>, \u00e0 la maison de retraite de Gioux, m\u00eame commune, \u00e2g\u00e9e de 72 ans<\/em><\/li>\n<\/ul>\n<p>&nbsp;<\/p>\n","protected":false},"excerpt":{"rendered":"<p>Mis \u00e0 jour le : 25\/04\/2026Henri Eug\u00e8ne MAURY Eug\u00e8ne MAURY 1877 &#8211; 1950 entrepreneur de ma\u00e7onnerie &nbsp; n\u00e9 \u00e0 Paris 5e le 11 juillet 1877 fils de \u00c9tienne MAURY, ma\u00e7on et\u00a0\u25balogeur Marie LARBANEIX \u25d9 Eug\u00e8ne, ma\u00e7on, \u00e9pouse M\u00e9lanie Jeanne GOURBAUD le 21 janvier 1904 \u00e0 Saint-Pierre-le-Bost. En 1911, il est\u00a0\u25bacontrema\u00eetre de ma\u00e7onnerie. En 1913, il ..<\/p>\n<div class=\"clear-fix\"><\/div>\n<p><a href=\"https:\/\/www.lesmaconsdelacreuse.fr\/annuaires\/lettre-m\/m_403\/\" title=\"Lire la suite...\">Lire la suite<\/a><\/p>\n","protected":false},"author":2,"featured_media":0,"comment_status":"closed","ping_status":"closed","sticky":false,"template":"","format":"standard","meta":{"_acf_changed":false,"_exactmetrics_skip_tracking":false,"_exactmetrics_sitenote_active":false,"_exactmetrics_sitenote_note":"","_exactmetrics_sitenote_category":0,"footnotes":""},"categories":[14],"tags":[],"class_list":["post-37207","post","type-post","status-publish","format-standard","hentry","category-lettre-m"],"acf":[],"_links":{"self":[{"href":"https:\/\/www.lesmaconsdelacreuse.fr\/annuaires\/wp-json\/wp\/v2\/posts\/37207","targetHints":{"allow":["GET"]}}],"collection":[{"href":"https:\/\/www.lesmaconsdelacreuse.fr\/annuaires\/wp-json\/wp\/v2\/posts"}],"about":[{"href":"https:\/\/www.lesmaconsdelacreuse.fr\/annuaires\/wp-json\/wp\/v2\/types\/post"}],"author":[{"embeddable":true,"href":"https:\/\/www.lesmaconsdelacreuse.fr\/annuaires\/wp-json\/wp\/v2\/users\/2"}],"replies":[{"embeddable":true,"href":"https:\/\/www.lesmaconsdelacreuse.fr\/annuaires\/wp-json\/wp\/v2\/comments?post=37207"}],"version-history":[{"count":0,"href":"https:\/\/www.lesmaconsdelacreuse.fr\/annuaires\/wp-json\/wp\/v2\/posts\/37207\/revisions"}],"wp:attachment":[{"href":"https:\/\/www.lesmaconsdelacreuse.fr\/annuaires\/wp-json\/wp\/v2\/media?parent=37207"}],"wp:term":[{"taxonomy":"category","embeddable":true,"href":"https:\/\/www.lesmaconsdelacreuse.fr\/annuaires\/wp-json\/wp\/v2\/categories?post=37207"},{"taxonomy":"post_tag","embeddable":true,"href":"https:\/\/www.lesmaconsdelacreuse.fr\/annuaires\/wp-json\/wp\/v2\/tags?post=37207"}],"curies":[{"name":"wp","href":"https:\/\/api.w.org\/{rel}","templated":true}]}}