{"id":37208,"date":"2019-08-04T17:23:15","date_gmt":"2019-08-04T15:23:15","guid":{"rendered":"http:\/\/lesmaconsdelacreuse.fr\/annuaire\/?p=37208"},"modified":"2020-01-20T11:07:22","modified_gmt":"2020-01-20T10:07:22","slug":"m_336","status":"publish","type":"post","link":"https:\/\/www.lesmaconsdelacreuse.fr\/annuaires\/lettre-m\/m_336\/","title":{"rendered":"MATHIAS Pierre (1853\u2013avant 1924)"},"content":{"rendered":"<p class=\"last-updated\"><strong>Mis \u00e0 jour le :<\/strong> 25\/04\/2026<\/p><h2 style=\"text-align: center;\"><strong>Pierre MATHIAS<\/strong><\/h2>\n<p style=\"text-align: center;\"><strong>1853 \u2013 avant 1924<\/strong><\/p>\n<p style=\"text-align: center;\"><img loading=\"lazy\" decoding=\"async\" title=\"image\" src=\"http:\/\/127.0.0.1:2317\/BASAJO?m=IM;d=284111511;p=pierre;n=mathias;k=\/pierre.0.mathias\" alt=\"\" width=\"154\" height=\"65\" \/><\/p>\n<h4 style=\"text-align: center;\"><span style=\"color: #008000;\"><strong>ma\u00e7on <\/strong>et<strong> cultivateur<\/strong><\/span><\/h4>\n<p style=\"text-align: center;\">n\u00e9 au Puy de Langle (Peyrat-le-Ch\u00e2teau &#8211; 87)<\/p>\n<p style=\"text-align: center;\">le 7 septembre 1853<\/p>\n<p style=\"text-align: center;\">fils de<\/p>\n<p style=\"text-align: center;\">L\u00e9onard MATHIAS \/ Catherine PAGNAUD<\/p>\n<p style=\"text-align: center;\">cultivateurs<\/p>\n<p style=\"text-align: center;\"><span style=\"color: #ffffff;\">\u25d9<\/span><\/p>\n<p><em>Pierre \u00e9pouse Marguerite <\/em><strong>TIXIER<\/strong><em> le 3 mars <\/em><strong>1879<\/strong><em> \u00e0 Saint-Martin-Ch\u00e2teau (contrat Tramonteil \u00e0 Peyrat)\u00a0; il ne sait pas encore signer.<\/em><\/p>\n<p><em>Ils habitent Boussac, puis L\u00e2ge, commune de Saint-Martin. <\/em><\/p>\n<p><em>Marguerite d\u00e9c\u00e8de, veuve, le 28 ao\u00fbt <\/em><strong>1924<\/strong><em> \u00e0 <\/em><span style=\"color: #0000ff;\"><strong>Lyon (69)<\/strong><\/span><em>, \u00e2g\u00e9e de 67 ans, chez elle, 43, rue de l\u2019Enfance, 4e arrondissement.<\/em><\/p>\n","protected":false},"excerpt":{"rendered":"<p>Mis \u00e0 jour le : 25\/04\/2026Pierre MATHIAS 1853 \u2013 avant 1924 ma\u00e7on et cultivateur n\u00e9 au Puy de Langle (Peyrat-le-Ch\u00e2teau &#8211; 87) le 7 septembre 1853 fils de L\u00e9onard MATHIAS \/ Catherine PAGNAUD cultivateurs \u25d9 Pierre \u00e9pouse Marguerite TIXIER le 3 mars 1879 \u00e0 Saint-Martin-Ch\u00e2teau (contrat Tramonteil \u00e0 Peyrat)\u00a0; il ne sait pas encore signer. ..<\/p>\n<div class=\"clear-fix\"><\/div>\n<p><a href=\"https:\/\/www.lesmaconsdelacreuse.fr\/annuaires\/lettre-m\/m_336\/\" title=\"Lire la suite...\">Lire la suite<\/a><\/p>\n","protected":false},"author":2,"featured_media":0,"comment_status":"closed","ping_status":"closed","sticky":false,"template":"","format":"standard","meta":{"_acf_changed":false,"_exactmetrics_skip_tracking":false,"_exactmetrics_sitenote_active":false,"_exactmetrics_sitenote_note":"","_exactmetrics_sitenote_category":0,"footnotes":""},"categories":[14],"tags":[],"class_list":["post-37208","post","type-post","status-publish","format-standard","hentry","category-lettre-m"],"acf":[],"_links":{"self":[{"href":"https:\/\/www.lesmaconsdelacreuse.fr\/annuaires\/wp-json\/wp\/v2\/posts\/37208","targetHints":{"allow":["GET"]}}],"collection":[{"href":"https:\/\/www.lesmaconsdelacreuse.fr\/annuaires\/wp-json\/wp\/v2\/posts"}],"about":[{"href":"https:\/\/www.lesmaconsdelacreuse.fr\/annuaires\/wp-json\/wp\/v2\/types\/post"}],"author":[{"embeddable":true,"href":"https:\/\/www.lesmaconsdelacreuse.fr\/annuaires\/wp-json\/wp\/v2\/users\/2"}],"replies":[{"embeddable":true,"href":"https:\/\/www.lesmaconsdelacreuse.fr\/annuaires\/wp-json\/wp\/v2\/comments?post=37208"}],"version-history":[{"count":0,"href":"https:\/\/www.lesmaconsdelacreuse.fr\/annuaires\/wp-json\/wp\/v2\/posts\/37208\/revisions"}],"wp:attachment":[{"href":"https:\/\/www.lesmaconsdelacreuse.fr\/annuaires\/wp-json\/wp\/v2\/media?parent=37208"}],"wp:term":[{"taxonomy":"category","embeddable":true,"href":"https:\/\/www.lesmaconsdelacreuse.fr\/annuaires\/wp-json\/wp\/v2\/categories?post=37208"},{"taxonomy":"post_tag","embeddable":true,"href":"https:\/\/www.lesmaconsdelacreuse.fr\/annuaires\/wp-json\/wp\/v2\/tags?post=37208"}],"curies":[{"name":"wp","href":"https:\/\/api.w.org\/{rel}","templated":true}]}}