{"id":37210,"date":"2019-08-04T17:23:15","date_gmt":"2019-08-04T15:23:15","guid":{"rendered":"http:\/\/lesmaconsdelacreuse.fr\/annuaire\/?p=37210"},"modified":"2020-06-06T12:12:33","modified_gmt":"2020-06-06T10:12:33","slug":"m_384","status":"publish","type":"post","link":"https:\/\/www.lesmaconsdelacreuse.fr\/annuaires\/lettre-m\/m_384\/","title":{"rendered":"MOREIL Jean (1829-1890)"},"content":{"rendered":"<p class=\"last-updated\"><strong>Mis \u00e0 jour le :<\/strong> 25\/04\/2026<\/p><h2 style=\"text-align: center;\"><strong>Jean MOREIL<\/strong><\/h2>\n<p style=\"text-align: center;\"><strong>Jean MAUREIL<\/strong><\/p>\n<p style=\"text-align: center;\"><strong>1829 &#8211; 1890<\/strong><\/p>\n<p style=\"text-align: center;\"><img decoding=\"async\" title=\"\" src=\"https:\/\/lesmaconsdelacreuse.fr\/annuaire\/wp-content\/uploads\/2019\/08\/image1-1094.jpg\" alt=\"\" data-asset-id=\"37206\" data-source-id=\"i.0\" \/><\/p>\n<h4 style=\"text-align: center;\"><span style=\"color: #008000;\"><strong>ma\u00e7on <\/strong>et<\/span> <span style=\"color: #008000;\"><strong>propri\u00e9taire cultivateur<\/strong><\/span><\/h4>\n<p style=\"text-align: center;\">n\u00e9 \u00e0 Favareillas (Saint-Martin-Ch\u00e2teau)<\/p>\n<p style=\"text-align: center;\">le 24 septembre 1829<\/p>\n<p style=\"text-align: center;\">fils de<\/p>\n<p style=\"text-align: center;\">Jean MOREIL, <span style=\"color: #008000;\"><strong>ma\u00e7on <\/strong><\/span><strong>\/ <\/strong>Anne FOURNET<\/p>\n<p style=\"text-align: center;\">propri\u00e9taires cultivateurs<\/p>\n<p style=\"text-align: center;\"><span style=\"color: #ffffff;\">\u25d9<\/span><\/p>\n<p><strong>En 1850<\/strong><em>, Jean est exempt\u00e9 de service militaire pour d\u00e9faut de taille (1m50).<\/em><\/p>\n<p><strong>En 1855<\/strong><em>,\u00a0 \u00e9pouse Jeanne <\/em><strong>MOREAU\u00a0<\/strong><em> (contrat Toumieux \u00e0 Roy\u00e8re). Ils habitent le village de Favareillas. <\/em><\/p>\n<p><em>Ils y d\u00e9c\u00e8dent\u00a0:<\/em><\/p>\n<ul>\n<li><em>Jean, le 25 mai <\/em><strong>1890<\/strong><em>, \u00e2g\u00e9 de 60 ans, apr\u00e8s avoir test\u00e9 le 21 devant Me Magadoux de Saint-Martin<\/em><\/li>\n<li><em>Jeanne, le 21 novembre <\/em><strong>1910<\/strong>,<em> \u00e2g\u00e9e de 79 ans environ<\/em><\/li>\n<\/ul>\n<p><strong>\u00a0<\/strong><\/p>\n<p>&nbsp;<\/p>\n","protected":false},"excerpt":{"rendered":"<p>Mis \u00e0 jour le : 25\/04\/2026Jean MOREIL Jean MAUREIL 1829 &#8211; 1890 ma\u00e7on et propri\u00e9taire cultivateur n\u00e9 \u00e0 Favareillas (Saint-Martin-Ch\u00e2teau) le 24 septembre 1829 fils de Jean MOREIL, ma\u00e7on \/ Anne FOURNET propri\u00e9taires cultivateurs \u25d9 En 1850, Jean est exempt\u00e9 de service militaire pour d\u00e9faut de taille (1m50). En 1855,\u00a0 \u00e9pouse Jeanne MOREAU\u00a0 (contrat Toumieux ..<\/p>\n<div class=\"clear-fix\"><\/div>\n<p><a href=\"https:\/\/www.lesmaconsdelacreuse.fr\/annuaires\/lettre-m\/m_384\/\" title=\"Lire la suite...\">Lire la suite<\/a><\/p>\n","protected":false},"author":2,"featured_media":0,"comment_status":"closed","ping_status":"closed","sticky":false,"template":"","format":"standard","meta":{"_acf_changed":false,"_exactmetrics_skip_tracking":false,"_exactmetrics_sitenote_active":false,"_exactmetrics_sitenote_note":"","_exactmetrics_sitenote_category":0,"footnotes":""},"categories":[14],"tags":[],"class_list":["post-37210","post","type-post","status-publish","format-standard","hentry","category-lettre-m"],"acf":[],"_links":{"self":[{"href":"https:\/\/www.lesmaconsdelacreuse.fr\/annuaires\/wp-json\/wp\/v2\/posts\/37210","targetHints":{"allow":["GET"]}}],"collection":[{"href":"https:\/\/www.lesmaconsdelacreuse.fr\/annuaires\/wp-json\/wp\/v2\/posts"}],"about":[{"href":"https:\/\/www.lesmaconsdelacreuse.fr\/annuaires\/wp-json\/wp\/v2\/types\/post"}],"author":[{"embeddable":true,"href":"https:\/\/www.lesmaconsdelacreuse.fr\/annuaires\/wp-json\/wp\/v2\/users\/2"}],"replies":[{"embeddable":true,"href":"https:\/\/www.lesmaconsdelacreuse.fr\/annuaires\/wp-json\/wp\/v2\/comments?post=37210"}],"version-history":[{"count":0,"href":"https:\/\/www.lesmaconsdelacreuse.fr\/annuaires\/wp-json\/wp\/v2\/posts\/37210\/revisions"}],"wp:attachment":[{"href":"https:\/\/www.lesmaconsdelacreuse.fr\/annuaires\/wp-json\/wp\/v2\/media?parent=37210"}],"wp:term":[{"taxonomy":"category","embeddable":true,"href":"https:\/\/www.lesmaconsdelacreuse.fr\/annuaires\/wp-json\/wp\/v2\/categories?post=37210"},{"taxonomy":"post_tag","embeddable":true,"href":"https:\/\/www.lesmaconsdelacreuse.fr\/annuaires\/wp-json\/wp\/v2\/tags?post=37210"}],"curies":[{"name":"wp","href":"https:\/\/api.w.org\/{rel}","templated":true}]}}