{"id":37211,"date":"2019-08-04T17:23:15","date_gmt":"2019-08-04T15:23:15","guid":{"rendered":"http:\/\/lesmaconsdelacreuse.fr\/annuaire\/?p=37211"},"modified":"2020-01-20T11:07:21","modified_gmt":"2020-01-20T10:07:21","slug":"m_315","status":"publish","type":"post","link":"https:\/\/www.lesmaconsdelacreuse.fr\/annuaires\/lettre-m\/m_315\/","title":{"rendered":"MARVY Jean (1795-1871)"},"content":{"rendered":"<p class=\"last-updated\"><strong>Mis \u00e0 jour le :<\/strong> 25\/04\/2026<\/p><h2 style=\"text-align: center;\"><strong>Jean MARVY<\/strong><\/h2>\n<p style=\"text-align: center;\"><strong>1795 &#8211; 1871<\/strong><\/p>\n<p style=\"text-align: center;\"><img decoding=\"async\" title=\"\" src=\"https:\/\/lesmaconsdelacreuse.fr\/annuaire\/wp-content\/uploads\/2019\/08\/image1-1095.jpg\" alt=\"\" data-asset-id=\"37209\" data-source-id=\"i.0\" \/><\/p>\n<h4 style=\"text-align: center;\"><span style=\"color: #008000;\"><strong>ma\u00e7on <\/strong>et <strong>propri\u00e9taire cultivateur<\/strong><\/span><\/h4>\n<p style=\"text-align: center;\">n\u00e9 \u00e0 La Vau-d\u2019Ugier (Valli\u00e8re)<\/p>\n<p style=\"text-align: center;\">le 6 messidor an III (24 juin 1795)<\/p>\n<p style=\"text-align: center;\">fils de<\/p>\n<p style=\"text-align: center;\">Jean MARVY \/ Marie NARDONNET<\/p>\n<p style=\"text-align: center;\">propri\u00e9taires cultivateurs<\/p>\n<p style=\"text-align: center;\"><span style=\"color: #ffffff;\">\u25d9<\/span><\/p>\n<p><em>Jean \u00e9pouse Marguerite <\/em><strong>NARDONNET<\/strong><em> le 4 mars <\/em><strong>1823<\/strong> <em>\u00e0 Saint-Pierre-le-Bost (contrat Lepetit au Monteil-au-Vicomte). Ils habitent le bourg de Saint-Pierre.<\/em><\/p>\n<p><strong>En 1828<\/strong><em>, Jean travaille \u00e0 <\/em><strong><span style=\"color: #0000ff;\">Saint-Didier-au-Mont-d\u2019Or (69)<\/span>\u00a0<\/strong><em>;<\/em><\/p>\n<p><strong>en 1829<\/strong><em>, \u00e0 <\/em><span style=\"color: #0000ff;\"><strong>Vaise (69)<\/strong><\/span><em>. <\/em><\/p>\n<p><em>Les \u00e9poux d\u00e9c\u00e8dent au bourg de Saint-Pierre\u00a0:<\/em><\/p>\n<ul>\n<li><em>Jean, le 22 octobre <\/em><strong>1871<\/strong><em>, \u00e2g\u00e9 de 76 ans,<\/em><\/li>\n<li><em>Marguerite, le 28 f\u00e9vrier <\/em><strong>1886<\/strong>,<em> \u00e2g\u00e9e de 78 ans<\/em><\/li>\n<\/ul>\n","protected":false},"excerpt":{"rendered":"<p>Mis \u00e0 jour le : 25\/04\/2026Jean MARVY 1795 &#8211; 1871 ma\u00e7on et propri\u00e9taire cultivateur n\u00e9 \u00e0 La Vau-d\u2019Ugier (Valli\u00e8re) le 6 messidor an III (24 juin 1795) fils de Jean MARVY \/ Marie NARDONNET propri\u00e9taires cultivateurs \u25d9 Jean \u00e9pouse Marguerite NARDONNET le 4 mars 1823 \u00e0 Saint-Pierre-le-Bost (contrat Lepetit au Monteil-au-Vicomte). Ils habitent le bourg ..<\/p>\n<div class=\"clear-fix\"><\/div>\n<p><a href=\"https:\/\/www.lesmaconsdelacreuse.fr\/annuaires\/lettre-m\/m_315\/\" title=\"Lire la suite...\">Lire la suite<\/a><\/p>\n","protected":false},"author":2,"featured_media":0,"comment_status":"closed","ping_status":"closed","sticky":false,"template":"","format":"standard","meta":{"_acf_changed":false,"_exactmetrics_skip_tracking":false,"_exactmetrics_sitenote_active":false,"_exactmetrics_sitenote_note":"","_exactmetrics_sitenote_category":0,"footnotes":""},"categories":[14],"tags":[],"class_list":["post-37211","post","type-post","status-publish","format-standard","hentry","category-lettre-m"],"acf":[],"_links":{"self":[{"href":"https:\/\/www.lesmaconsdelacreuse.fr\/annuaires\/wp-json\/wp\/v2\/posts\/37211","targetHints":{"allow":["GET"]}}],"collection":[{"href":"https:\/\/www.lesmaconsdelacreuse.fr\/annuaires\/wp-json\/wp\/v2\/posts"}],"about":[{"href":"https:\/\/www.lesmaconsdelacreuse.fr\/annuaires\/wp-json\/wp\/v2\/types\/post"}],"author":[{"embeddable":true,"href":"https:\/\/www.lesmaconsdelacreuse.fr\/annuaires\/wp-json\/wp\/v2\/users\/2"}],"replies":[{"embeddable":true,"href":"https:\/\/www.lesmaconsdelacreuse.fr\/annuaires\/wp-json\/wp\/v2\/comments?post=37211"}],"version-history":[{"count":0,"href":"https:\/\/www.lesmaconsdelacreuse.fr\/annuaires\/wp-json\/wp\/v2\/posts\/37211\/revisions"}],"wp:attachment":[{"href":"https:\/\/www.lesmaconsdelacreuse.fr\/annuaires\/wp-json\/wp\/v2\/media?parent=37211"}],"wp:term":[{"taxonomy":"category","embeddable":true,"href":"https:\/\/www.lesmaconsdelacreuse.fr\/annuaires\/wp-json\/wp\/v2\/categories?post=37211"},{"taxonomy":"post_tag","embeddable":true,"href":"https:\/\/www.lesmaconsdelacreuse.fr\/annuaires\/wp-json\/wp\/v2\/tags?post=37211"}],"curies":[{"name":"wp","href":"https:\/\/api.w.org\/{rel}","templated":true}]}}