{"id":37226,"date":"2019-08-04T17:23:14","date_gmt":"2019-08-04T15:23:14","guid":{"rendered":"http:\/\/lesmaconsdelacreuse.fr\/annuaire\/?p=37226"},"modified":"2022-06-07T08:48:45","modified_gmt":"2022-06-07T06:48:45","slug":"m_351","status":"publish","type":"post","link":"https:\/\/www.lesmaconsdelacreuse.fr\/annuaires\/lettre-m\/m_351\/","title":{"rendered":"MATHIVAUD Jean (1843-1901)"},"content":{"rendered":"<p class=\"last-updated\"><strong>Mis \u00e0 jour le :<\/strong> 25\/04\/2026<\/p><h2 style=\"text-align: center;\"><strong>Jean MATHIVAUD<\/strong><\/h2>\n<p style=\"text-align: center;\"><strong>Henri MATHIVAUD<\/strong><\/p>\n<p style=\"text-align: center;\"><strong>1843 &#8211; 1901<\/strong><\/p>\n<p><a href=\"https:\/\/www.lesmaconsdelacreuse.fr\/annuaires\/wp-content\/uploads\/2019\/08\/MATHIVAUD-Jean-1843.jpg\"><img loading=\"lazy\" decoding=\"async\" class=\"size-full wp-image-200065 aligncenter\" src=\"https:\/\/www.lesmaconsdelacreuse.fr\/annuaires\/wp-content\/uploads\/2019\/08\/MATHIVAUD-Jean-1843.jpg\" alt=\"\" width=\"276\" height=\"57\" srcset=\"https:\/\/www.lesmaconsdelacreuse.fr\/annuaires\/wp-content\/uploads\/2019\/08\/MATHIVAUD-Jean-1843.jpg 276w, https:\/\/www.lesmaconsdelacreuse.fr\/annuaires\/wp-content\/uploads\/2019\/08\/MATHIVAUD-Jean-1843-16x3.jpg 16w, https:\/\/www.lesmaconsdelacreuse.fr\/annuaires\/wp-content\/uploads\/2019\/08\/MATHIVAUD-Jean-1843-150x31.jpg 150w\" sizes=\"auto, (max-width: 276px) 100vw, 276px\" \/><\/a><\/p>\n<h4 style=\"text-align: center;\"><span style=\"color: #008000;\"><strong>ma\u00e7on<\/strong><em>\u00a0<\/em>et<\/span> <em>\u25ba<\/em><a href=\"https:\/\/www.lesmaconsdelacreuse.fr\/annuaires\/wp-content\/uploads\/2020\/07\/FUMISTE.png\"><span style=\"color: #008000;\"><strong><span style=\"color: #008000;\">fumiste<\/span><\/strong><\/span><\/a><\/h4>\n<p>&nbsp;<\/p>\n<p style=\"text-align: center;\">n\u00e9 au Monteil-au-Vicomte<\/p>\n<p style=\"text-align: center;\">le 4 septembre 1843, <em>selon \u25ba<a href=\"https:\/\/www.lesmaconsdelacreuse.fr\/annuaires\/wp-content\/uploads\/2019\/08\/ACTE-DE-NOTORI\u00c9T\u00c9.png\" target=\"_blank\" rel=\"noopener noreferrer\">acte de notori\u00e9t\u00e9<\/a><br \/>\n<\/em><\/p>\n<p style=\"text-align: center;\">fils naturel de<\/p>\n<p style=\"text-align: center;\">Th\u00e9r\u00e8se MATHIVAUD<\/p>\n<p style=\"text-align: center;\"><span style=\"color: #ffffff;\">\u25d9<\/span><\/p>\n<p><strong>En 1863<\/strong><em>, Jean est <\/em><span style=\"color: #008000;\"><strong>ma\u00e7on<\/strong><\/span><em>.<\/em><\/p>\n<p><span style=\"color: #008000;\"><strong>Fumiste<\/strong><\/span><em>, il \u00e9pouse Marguerite Fran\u00e7oise <\/em>MATHIVAUD, <em>journali\u00e8re, native du Monteil-au-Vicomte<\/em>, <em>le 21 f\u00e9vrier <\/em><strong>1874<\/strong> <em>\u00e0 <\/em><span style=\"color: #0000ff;\"><strong>Clichy (92)<\/strong><\/span><em>. (mari\u00e9s sans contrat).<\/em><\/p>\n<p><em>Ils habitent d\u2019abord La Croisille, commune de Saint-Pierre-le-Bost.<\/em><\/p>\n<p><strong>En 1883<\/strong><em>, Jean travaille \u00e0 <\/em><span style=\"color: #0000ff;\"><strong>Paris (75)<\/strong><\/span><em>. <\/em><\/p>\n<p><strong>En 1901<\/strong><em>, les \u00e9poux y habitent 12, rue des Jardins Saint-Paul.<\/em><\/p>\n<p><em>Jean d\u00e9c\u00e8de,<\/em><em>\u25ba<\/em><a href=\"https:\/\/www.lesmaconsdelacreuse.fr\/annuaires\/wp-content\/uploads\/2020\/08\/AB-INTESTAT.png\" target=\"_blank\" rel=\"noopener noreferrer\">ab intestat<\/a><em>, \u00e2g\u00e9 de 57 ans, le 30 avril de la m\u00eame ann\u00e9e<\/em> <em>33, rue de la Boucherie, 5e arrondissement.<\/em><\/p>\n<p><em>Il devait \u00e0 Jean ARNAUD, <strong>\u25ba<a href=\"https:\/\/www.lesmaconsdelacreuse.fr\/annuaires\/wp-content\/uploads\/2020\/08\/LOGEUR-LOGEUSE.png\">logeur<\/a><\/strong> \u00e0 Paris<\/em> <em>4e, 12, rue des Jardins Saint Paul, 150F pour pension et location de chambre.<\/em><\/p>\n<p><em>Marguerite d\u00e9c\u00e8de au bourg du Monteil le 8 mars <\/em><strong>1924<\/strong><em>, \u00e2g\u00e9e de 73 ans. <\/em><\/p>\n<p>&nbsp;<\/p>\n<p>&nbsp;<\/p>\n","protected":false},"excerpt":{"rendered":"<p>Mis \u00e0 jour le : 25\/04\/2026Jean MATHIVAUD Henri MATHIVAUD 1843 &#8211; 1901 ma\u00e7on\u00a0et \u25bafumiste &nbsp; n\u00e9 au Monteil-au-Vicomte le 4 septembre 1843, selon \u25baacte de notori\u00e9t\u00e9 fils naturel de Th\u00e9r\u00e8se MATHIVAUD \u25d9 En 1863, Jean est ma\u00e7on. Fumiste, il \u00e9pouse Marguerite Fran\u00e7oise MATHIVAUD, journali\u00e8re, native du Monteil-au-Vicomte, le 21 f\u00e9vrier 1874 \u00e0 Clichy (92). (mari\u00e9s ..<\/p>\n<div class=\"clear-fix\"><\/div>\n<p><a href=\"https:\/\/www.lesmaconsdelacreuse.fr\/annuaires\/lettre-m\/m_351\/\" title=\"Lire la suite...\">Lire la suite<\/a><\/p>\n","protected":false},"author":2,"featured_media":0,"comment_status":"closed","ping_status":"closed","sticky":false,"template":"","format":"standard","meta":{"_acf_changed":false,"_exactmetrics_skip_tracking":false,"_exactmetrics_sitenote_active":false,"_exactmetrics_sitenote_note":"","_exactmetrics_sitenote_category":0,"footnotes":""},"categories":[14],"tags":[],"class_list":["post-37226","post","type-post","status-publish","format-standard","hentry","category-lettre-m"],"acf":[],"_links":{"self":[{"href":"https:\/\/www.lesmaconsdelacreuse.fr\/annuaires\/wp-json\/wp\/v2\/posts\/37226","targetHints":{"allow":["GET"]}}],"collection":[{"href":"https:\/\/www.lesmaconsdelacreuse.fr\/annuaires\/wp-json\/wp\/v2\/posts"}],"about":[{"href":"https:\/\/www.lesmaconsdelacreuse.fr\/annuaires\/wp-json\/wp\/v2\/types\/post"}],"author":[{"embeddable":true,"href":"https:\/\/www.lesmaconsdelacreuse.fr\/annuaires\/wp-json\/wp\/v2\/users\/2"}],"replies":[{"embeddable":true,"href":"https:\/\/www.lesmaconsdelacreuse.fr\/annuaires\/wp-json\/wp\/v2\/comments?post=37226"}],"version-history":[{"count":3,"href":"https:\/\/www.lesmaconsdelacreuse.fr\/annuaires\/wp-json\/wp\/v2\/posts\/37226\/revisions"}],"predecessor-version":[{"id":200066,"href":"https:\/\/www.lesmaconsdelacreuse.fr\/annuaires\/wp-json\/wp\/v2\/posts\/37226\/revisions\/200066"}],"wp:attachment":[{"href":"https:\/\/www.lesmaconsdelacreuse.fr\/annuaires\/wp-json\/wp\/v2\/media?parent=37226"}],"wp:term":[{"taxonomy":"category","embeddable":true,"href":"https:\/\/www.lesmaconsdelacreuse.fr\/annuaires\/wp-json\/wp\/v2\/categories?post=37226"},{"taxonomy":"post_tag","embeddable":true,"href":"https:\/\/www.lesmaconsdelacreuse.fr\/annuaires\/wp-json\/wp\/v2\/tags?post=37226"}],"curies":[{"name":"wp","href":"https:\/\/api.w.org\/{rel}","templated":true}]}}