{"id":37227,"date":"2019-08-04T17:23:14","date_gmt":"2019-08-04T15:23:14","guid":{"rendered":"http:\/\/lesmaconsdelacreuse.fr\/annuaire\/?p=37227"},"modified":"2020-01-20T11:07:22","modified_gmt":"2020-01-20T10:07:22","slug":"m_305","status":"publish","type":"post","link":"https:\/\/www.lesmaconsdelacreuse.fr\/annuaires\/lettre-m\/m_305\/","title":{"rendered":"MARVIER Antoine (1787-1853)"},"content":{"rendered":"<p class=\"last-updated\"><strong>Mis \u00e0 jour le :<\/strong> 25\/04\/2026<\/p><h2 style=\"text-align: center;\"><strong>Antoine MARVIER<\/strong><\/h2>\n<p style=\"text-align: center;\"><strong>1787 &#8211; 1853<\/strong><\/p>\n<p style=\"text-align: center;\"><img loading=\"lazy\" decoding=\"async\" class=\"\" title=\"\" src=\"https:\/\/lesmaconsdelacreuse.fr\/annuaire\/wp-content\/uploads\/2019\/08\/image1-1100.jpg\" alt=\"\" width=\"412\" height=\"92\" data-asset-id=\"37224\" data-source-id=\"i.0\" \/><\/p>\n<h4 style=\"text-align: center;\"><span style=\"color: #008000;\"><strong>militaire <\/strong>puis<strong> ma\u00e7on<\/strong><\/span>; <span style=\"color: #008000;\"><strong>propri\u00e9taire cultivateur<\/strong><\/span><\/h4>\n<p style=\"text-align: center;\">n\u00e9 \u00e0 Haute-Faye (Roy\u00e8re)<\/p>\n<p style=\"text-align: center;\">le 20 mai 1787<\/p>\n<p style=\"text-align: center;\">fils de<\/p>\n<p style=\"text-align: center;\">L\u00e9onard MARVIER \/ Catherine BOURDEAU<\/p>\n<p style=\"text-align: center;\">laboureurs<\/p>\n<p style=\"text-align: center;\"><span style=\"color: #ffffff;\">\u25d9<\/span><\/p>\n<p><em>Antoine \u00e9pouse L\u00e9onarde <\/em><strong>LIARD<\/strong><em> le 6 f\u00e9vrier <\/em><strong>1815<\/strong><em> \u00e0 Roy\u00e8re (contrat Coutisson).<\/em><\/p>\n<p><em> Ils habitent Haute-Faye.<\/em><\/p>\n<p><em> Ils y d\u00e9c\u00e8dent\u00a0:<\/em><\/p>\n<ul>\n<li><em>L\u00e9onarde, le 25 ao\u00fbt <\/em><strong>1838<\/strong><em>, \u00e2g\u00e9e de 34 ans<\/em><\/li>\n<li><em>Antoine, le 21 avril <\/em><strong>1853<\/strong><em>, \u00e2g\u00e9 de 65 ans<\/em><\/li>\n<\/ul>\n","protected":false},"excerpt":{"rendered":"<p>Mis \u00e0 jour le : 25\/04\/2026Antoine MARVIER 1787 &#8211; 1853 militaire puis ma\u00e7on; propri\u00e9taire cultivateur n\u00e9 \u00e0 Haute-Faye (Roy\u00e8re) le 20 mai 1787 fils de L\u00e9onard MARVIER \/ Catherine BOURDEAU laboureurs \u25d9 Antoine \u00e9pouse L\u00e9onarde LIARD le 6 f\u00e9vrier 1815 \u00e0 Roy\u00e8re (contrat Coutisson). Ils habitent Haute-Faye. Ils y d\u00e9c\u00e8dent\u00a0: L\u00e9onarde, le 25 ao\u00fbt 1838, ..<\/p>\n<div class=\"clear-fix\"><\/div>\n<p><a href=\"https:\/\/www.lesmaconsdelacreuse.fr\/annuaires\/lettre-m\/m_305\/\" title=\"Lire la suite...\">Lire la suite<\/a><\/p>\n","protected":false},"author":2,"featured_media":0,"comment_status":"closed","ping_status":"closed","sticky":false,"template":"","format":"standard","meta":{"_acf_changed":false,"_exactmetrics_skip_tracking":false,"_exactmetrics_sitenote_active":false,"_exactmetrics_sitenote_note":"","_exactmetrics_sitenote_category":0,"footnotes":""},"categories":[14],"tags":[],"class_list":["post-37227","post","type-post","status-publish","format-standard","hentry","category-lettre-m"],"acf":[],"_links":{"self":[{"href":"https:\/\/www.lesmaconsdelacreuse.fr\/annuaires\/wp-json\/wp\/v2\/posts\/37227","targetHints":{"allow":["GET"]}}],"collection":[{"href":"https:\/\/www.lesmaconsdelacreuse.fr\/annuaires\/wp-json\/wp\/v2\/posts"}],"about":[{"href":"https:\/\/www.lesmaconsdelacreuse.fr\/annuaires\/wp-json\/wp\/v2\/types\/post"}],"author":[{"embeddable":true,"href":"https:\/\/www.lesmaconsdelacreuse.fr\/annuaires\/wp-json\/wp\/v2\/users\/2"}],"replies":[{"embeddable":true,"href":"https:\/\/www.lesmaconsdelacreuse.fr\/annuaires\/wp-json\/wp\/v2\/comments?post=37227"}],"version-history":[{"count":0,"href":"https:\/\/www.lesmaconsdelacreuse.fr\/annuaires\/wp-json\/wp\/v2\/posts\/37227\/revisions"}],"wp:attachment":[{"href":"https:\/\/www.lesmaconsdelacreuse.fr\/annuaires\/wp-json\/wp\/v2\/media?parent=37227"}],"wp:term":[{"taxonomy":"category","embeddable":true,"href":"https:\/\/www.lesmaconsdelacreuse.fr\/annuaires\/wp-json\/wp\/v2\/categories?post=37227"},{"taxonomy":"post_tag","embeddable":true,"href":"https:\/\/www.lesmaconsdelacreuse.fr\/annuaires\/wp-json\/wp\/v2\/tags?post=37227"}],"curies":[{"name":"wp","href":"https:\/\/api.w.org\/{rel}","templated":true}]}}