{"id":37231,"date":"2019-08-04T17:23:14","date_gmt":"2019-08-04T15:23:14","guid":{"rendered":"http:\/\/lesmaconsdelacreuse.fr\/annuaire\/?p=37231"},"modified":"2022-04-17T12:18:54","modified_gmt":"2022-04-17T10:18:54","slug":"m_391","status":"publish","type":"post","link":"https:\/\/www.lesmaconsdelacreuse.fr\/annuaires\/lettre-m\/m_391\/","title":{"rendered":"MOREIL L\u00e9onard (1833\u2013apr\u00e8s 1885)"},"content":{"rendered":"<p class=\"last-updated\"><strong>Mis \u00e0 jour le :<\/strong> 25\/04\/2026<\/p><h2 style=\"text-align: center;\"><strong>L\u00e9onard MOREIL<\/strong><\/h2>\n<p style=\"text-align: center;\"><strong>1833 \u2013 apr\u00e8s 1885<\/strong><\/p>\n<p style=\"text-align: center;\"><img decoding=\"async\" title=\"\" src=\"https:\/\/lesmaconsdelacreuse.fr\/annuaire\/wp-content\/uploads\/2019\/08\/image1-1102.jpg\" alt=\"\" data-asset-id=\"37229\" data-source-id=\"i.0\" \/><\/p>\n<h4 style=\"text-align: center;\"><span style=\"color: #008000;\"><strong>ma\u00e7on <\/strong>et<strong> cultivateur<\/strong><\/span><\/h4>\n<p style=\"text-align: center;\">n\u00e9 au Pommier (Saint-Moreil)<\/p>\n<p style=\"text-align: center;\">le 30 mai 1833<\/p>\n<p style=\"text-align: center;\">fils naturel de<\/p>\n<p style=\"text-align: center;\">Jeanne BOUTEILLE, cultivatrice<\/p>\n<p style=\"text-align: center;\"><span style=\"color: #ffffff;\">\u25d9<\/span><\/p>\n<p><strong>En 1858<\/strong><em>, L\u00e9onard habite Le Cloup, commune de Saint-Julien-le-Petit (87) avec sa m\u00e8re.<\/em><\/p>\n<p><em> Il \u00e9pouse Catherine <\/em><strong>RUBY<\/strong><em> le 15 f\u00e9vrier de la m\u00eame ann\u00e9e<\/em> <em>\u00e0 Saint-Julien.<\/em><\/p>\n<p><em> Ils habitent Le Montlaron, m\u00eame commune.<\/em><\/p>\n","protected":false},"excerpt":{"rendered":"<p>Mis \u00e0 jour le : 25\/04\/2026L\u00e9onard MOREIL 1833 \u2013 apr\u00e8s 1885 ma\u00e7on et cultivateur n\u00e9 au Pommier (Saint-Moreil) le 30 mai 1833 fils naturel de Jeanne BOUTEILLE, cultivatrice \u25d9 En 1858, L\u00e9onard habite Le Cloup, commune de Saint-Julien-le-Petit (87) avec sa m\u00e8re. Il \u00e9pouse Catherine RUBY le 15 f\u00e9vrier de la m\u00eame ann\u00e9e \u00e0 Saint-Julien. ..<\/p>\n<div class=\"clear-fix\"><\/div>\n<p><a href=\"https:\/\/www.lesmaconsdelacreuse.fr\/annuaires\/lettre-m\/m_391\/\" title=\"Lire la suite...\">Lire la suite<\/a><\/p>\n","protected":false},"author":2,"featured_media":0,"comment_status":"closed","ping_status":"closed","sticky":false,"template":"","format":"standard","meta":{"_acf_changed":false,"_exactmetrics_skip_tracking":false,"_exactmetrics_sitenote_active":false,"_exactmetrics_sitenote_note":"","_exactmetrics_sitenote_category":0,"footnotes":""},"categories":[14],"tags":[],"class_list":["post-37231","post","type-post","status-publish","format-standard","hentry","category-lettre-m"],"acf":[],"_links":{"self":[{"href":"https:\/\/www.lesmaconsdelacreuse.fr\/annuaires\/wp-json\/wp\/v2\/posts\/37231","targetHints":{"allow":["GET"]}}],"collection":[{"href":"https:\/\/www.lesmaconsdelacreuse.fr\/annuaires\/wp-json\/wp\/v2\/posts"}],"about":[{"href":"https:\/\/www.lesmaconsdelacreuse.fr\/annuaires\/wp-json\/wp\/v2\/types\/post"}],"author":[{"embeddable":true,"href":"https:\/\/www.lesmaconsdelacreuse.fr\/annuaires\/wp-json\/wp\/v2\/users\/2"}],"replies":[{"embeddable":true,"href":"https:\/\/www.lesmaconsdelacreuse.fr\/annuaires\/wp-json\/wp\/v2\/comments?post=37231"}],"version-history":[{"count":1,"href":"https:\/\/www.lesmaconsdelacreuse.fr\/annuaires\/wp-json\/wp\/v2\/posts\/37231\/revisions"}],"predecessor-version":[{"id":197828,"href":"https:\/\/www.lesmaconsdelacreuse.fr\/annuaires\/wp-json\/wp\/v2\/posts\/37231\/revisions\/197828"}],"wp:attachment":[{"href":"https:\/\/www.lesmaconsdelacreuse.fr\/annuaires\/wp-json\/wp\/v2\/media?parent=37231"}],"wp:term":[{"taxonomy":"category","embeddable":true,"href":"https:\/\/www.lesmaconsdelacreuse.fr\/annuaires\/wp-json\/wp\/v2\/categories?post=37231"},{"taxonomy":"post_tag","embeddable":true,"href":"https:\/\/www.lesmaconsdelacreuse.fr\/annuaires\/wp-json\/wp\/v2\/tags?post=37231"}],"curies":[{"name":"wp","href":"https:\/\/api.w.org\/{rel}","templated":true}]}}