{"id":37236,"date":"2019-08-04T17:23:13","date_gmt":"2019-08-04T15:23:13","guid":{"rendered":"http:\/\/lesmaconsdelacreuse.fr\/annuaire\/?p=37236"},"modified":"2022-06-07T08:47:44","modified_gmt":"2022-06-07T06:47:44","slug":"m_343","status":"publish","type":"post","link":"https:\/\/www.lesmaconsdelacreuse.fr\/annuaires\/lettre-m\/m_343\/","title":{"rendered":"MATHIEU Jean (1905\u20131986)"},"content":{"rendered":"<p class=\"last-updated\"><strong>Mis \u00e0 jour le :<\/strong> 25\/04\/2026<\/p><h2 style=\"text-align: center;\"><strong>Jean MATHIEU<\/strong><\/h2>\n<p style=\"text-align: center;\"><strong>1905 \u2013 1986<\/strong><\/p>\n<p><a href=\"https:\/\/www.lesmaconsdelacreuse.fr\/annuaires\/wp-content\/uploads\/2019\/08\/MATHIEU-Jean-1905.jpg\"><img loading=\"lazy\" decoding=\"async\" class=\"size-full wp-image-200063 aligncenter\" src=\"https:\/\/www.lesmaconsdelacreuse.fr\/annuaires\/wp-content\/uploads\/2019\/08\/MATHIEU-Jean-1905.jpg\" alt=\"\" width=\"175\" height=\"51\" srcset=\"https:\/\/www.lesmaconsdelacreuse.fr\/annuaires\/wp-content\/uploads\/2019\/08\/MATHIEU-Jean-1905.jpg 175w, https:\/\/www.lesmaconsdelacreuse.fr\/annuaires\/wp-content\/uploads\/2019\/08\/MATHIEU-Jean-1905-16x5.jpg 16w, https:\/\/www.lesmaconsdelacreuse.fr\/annuaires\/wp-content\/uploads\/2019\/08\/MATHIEU-Jean-1905-150x44.jpg 150w\" sizes=\"auto, (max-width: 175px) 100vw, 175px\" \/><\/a><\/p>\n<h4 style=\"text-align: center;\"><span style=\"color: #008000;\"><strong>ma\u00e7on<\/strong><\/span><\/h4>\n<p style=\"text-align: center;\">n\u00e9 \u00e0 Chatreix (Saint-Julien-le-Petit &#8211; 87)<\/p>\n<p style=\"text-align: center;\">le 22 f\u00e9vrier 1905<\/p>\n<p style=\"text-align: center;\">fils de<\/p>\n<p style=\"text-align: center;\">Pierre MATHIEU \/ Marie DUMET<\/p>\n<p style=\"text-align: center;\">cultivateurs<\/p>\n<p style=\"text-align: center;\"><span style=\"color: #ffffff;\">\u25d9<\/span><\/p>\n<p><strong>En 1926<\/strong><em>, Jean, domicili\u00e9 \u00e0 Saint-Martin-Ch\u00e2teau avec ses parents, habite <\/em><strong><span style=\"color: #0000ff;\">Verdun (55)<\/span>\u00a0<\/strong><em>et passe donc le conseil de r\u00e9vision dans la <\/em><span style=\"color: #0000ff;\"><strong>Meuse<\/strong><\/span><em>.<\/em><\/p>\n<p><em>Il \u00e9pouse Suzanne <\/em><strong>MAURY<\/strong><em>, repasseuse,<\/em><em> le 28 janvier <\/em><strong>1928<\/strong> <em>\u00e0 Paris 5e. <\/em><\/p>\n<p><strong>En 1947<\/strong><em>, les \u00e9poux divorcent. <\/em><\/p>\n<p><em>Jean se remarie le 4 d\u00e9cembre <\/em><strong>1948<\/strong><em> \u00e0 <\/em><span style=\"color: #0000ff;\"><strong>Villeneuve-le-Roi (94)<\/strong><\/span><em> avec Laure Hermine <\/em><strong>SAUVAGE<\/strong><em>.<\/em><\/p>\n<p><em>Il d\u00e9c\u00e8de \u00e0 Villeneuve-Saint-Georges (94) le 16 janvier <\/em><strong>1986<\/strong><em>, \u00e2g\u00e9 de 80 ans.<\/em><\/p>\n","protected":false},"excerpt":{"rendered":"<p>Mis \u00e0 jour le : 25\/04\/2026Jean MATHIEU 1905 \u2013 1986 ma\u00e7on n\u00e9 \u00e0 Chatreix (Saint-Julien-le-Petit &#8211; 87) le 22 f\u00e9vrier 1905 fils de Pierre MATHIEU \/ Marie DUMET cultivateurs \u25d9 En 1926, Jean, domicili\u00e9 \u00e0 Saint-Martin-Ch\u00e2teau avec ses parents, habite Verdun (55)\u00a0et passe donc le conseil de r\u00e9vision dans la Meuse. Il \u00e9pouse Suzanne MAURY, ..<\/p>\n<div class=\"clear-fix\"><\/div>\n<p><a href=\"https:\/\/www.lesmaconsdelacreuse.fr\/annuaires\/lettre-m\/m_343\/\" title=\"Lire la suite...\">Lire la suite<\/a><\/p>\n","protected":false},"author":2,"featured_media":0,"comment_status":"closed","ping_status":"closed","sticky":false,"template":"","format":"standard","meta":{"_acf_changed":false,"_exactmetrics_skip_tracking":false,"_exactmetrics_sitenote_active":false,"_exactmetrics_sitenote_note":"","_exactmetrics_sitenote_category":0,"footnotes":""},"categories":[14],"tags":[],"class_list":["post-37236","post","type-post","status-publish","format-standard","hentry","category-lettre-m"],"acf":[],"_links":{"self":[{"href":"https:\/\/www.lesmaconsdelacreuse.fr\/annuaires\/wp-json\/wp\/v2\/posts\/37236","targetHints":{"allow":["GET"]}}],"collection":[{"href":"https:\/\/www.lesmaconsdelacreuse.fr\/annuaires\/wp-json\/wp\/v2\/posts"}],"about":[{"href":"https:\/\/www.lesmaconsdelacreuse.fr\/annuaires\/wp-json\/wp\/v2\/types\/post"}],"author":[{"embeddable":true,"href":"https:\/\/www.lesmaconsdelacreuse.fr\/annuaires\/wp-json\/wp\/v2\/users\/2"}],"replies":[{"embeddable":true,"href":"https:\/\/www.lesmaconsdelacreuse.fr\/annuaires\/wp-json\/wp\/v2\/comments?post=37236"}],"version-history":[{"count":2,"href":"https:\/\/www.lesmaconsdelacreuse.fr\/annuaires\/wp-json\/wp\/v2\/posts\/37236\/revisions"}],"predecessor-version":[{"id":200064,"href":"https:\/\/www.lesmaconsdelacreuse.fr\/annuaires\/wp-json\/wp\/v2\/posts\/37236\/revisions\/200064"}],"wp:attachment":[{"href":"https:\/\/www.lesmaconsdelacreuse.fr\/annuaires\/wp-json\/wp\/v2\/media?parent=37236"}],"wp:term":[{"taxonomy":"category","embeddable":true,"href":"https:\/\/www.lesmaconsdelacreuse.fr\/annuaires\/wp-json\/wp\/v2\/categories?post=37236"},{"taxonomy":"post_tag","embeddable":true,"href":"https:\/\/www.lesmaconsdelacreuse.fr\/annuaires\/wp-json\/wp\/v2\/tags?post=37236"}],"curies":[{"name":"wp","href":"https:\/\/api.w.org\/{rel}","templated":true}]}}