{"id":37237,"date":"2019-08-04T17:23:13","date_gmt":"2019-08-04T15:23:13","guid":{"rendered":"http:\/\/lesmaconsdelacreuse.fr\/annuaire\/?p=37237"},"modified":"2020-01-20T11:07:24","modified_gmt":"2020-01-20T10:07:24","slug":"m_314","status":"publish","type":"post","link":"https:\/\/www.lesmaconsdelacreuse.fr\/annuaires\/lettre-m\/m_314\/","title":{"rendered":"MARVY Fran\u00e7ois \u00c9tienne (1829-1899)"},"content":{"rendered":"<p class=\"last-updated\"><strong>Mis \u00e0 jour le :<\/strong> 25\/04\/2026<\/p><h2 style=\"text-align: center;\"><strong>Fran\u00e7ois \u00c9tienne MARVY<\/strong><\/h2>\n<p style=\"text-align: center;\"><strong>Fran\u00e7ois MARVY<\/strong><\/p>\n<p style=\"text-align: center;\"><strong>1829 &#8211; 1899<\/strong><\/p>\n<p style=\"text-align: center;\"><img decoding=\"async\" title=\"\" src=\"https:\/\/lesmaconsdelacreuse.fr\/annuaire\/wp-content\/uploads\/2019\/08\/image1-1104.jpg\" alt=\"\" data-source-id=\"i.0\" data-asset-id=\"37235\" \/><\/p>\n<h4 style=\"text-align: center;\"><span style=\"color: #008000;\"><strong>ma\u00e7on <\/strong>et<strong> cultivateur<\/strong><\/span><\/h4>\n<p style=\"text-align: center;\">n\u00e9 au bourg de Saint-Pierre-le-Bost<\/p>\n<p style=\"text-align: center;\">le 14 ao\u00fbt 1829<\/p>\n<p style=\"text-align: center;\">fils de<\/p>\n<p style=\"text-align: center;\">Jean MARVY,<span style=\"color: #008000;\"><strong> ma\u00e7on <\/strong><\/span><strong>\/ <\/strong>Marguerite NARDONNET<\/p>\n<p style=\"text-align: center;\">propri\u00e9taires cultivateurs<\/p>\n<p style=\"text-align: center;\"><span style=\"color: #ffffff;\">\u25d9<\/span><\/p>\n<p><em>Fran\u00e7ois \u00e9pouse Marguerite <\/em><strong>PINET<\/strong><em> le 2 f\u00e9vrier <\/em><strong>1852<\/strong> <em>\u00e0 Valli\u00e8re\u00a0 (contrat Vigier \u00e0 Valli\u00e8re). <\/em><\/p>\n<p><strong>En 1870<\/strong><em>, il travaille \u00e0 <\/em><span style=\"color: #0000ff;\"><strong>Paris (75)<\/strong><\/span><em>, et habite 54, rue de Dunkerque, 9e arrondissement.<\/em><\/p>\n<p><em> Les \u00e9poux d\u00e9c\u00e8dent au bourg de Saint-Pierre\u00a0:<\/em><\/p>\n<ul>\n<li><em>Fran\u00e7ois, le 8 mai <\/em><strong>1899<\/strong><em>, \u00e2g\u00e9 de 69 ans<\/em><\/li>\n<li><em>Marguerite, le 16 mars <\/em><strong>1900<\/strong><em>, \u00e2g\u00e9e de 73 ans<\/em><\/li>\n<\/ul>\n","protected":false},"excerpt":{"rendered":"<p>Mis \u00e0 jour le : 25\/04\/2026Fran\u00e7ois \u00c9tienne MARVY Fran\u00e7ois MARVY 1829 &#8211; 1899 ma\u00e7on et cultivateur n\u00e9 au bourg de Saint-Pierre-le-Bost le 14 ao\u00fbt 1829 fils de Jean MARVY, ma\u00e7on \/ Marguerite NARDONNET propri\u00e9taires cultivateurs \u25d9 Fran\u00e7ois \u00e9pouse Marguerite PINET le 2 f\u00e9vrier 1852 \u00e0 Valli\u00e8re\u00a0 (contrat Vigier \u00e0 Valli\u00e8re). En 1870, il travaille \u00e0 ..<\/p>\n<div class=\"clear-fix\"><\/div>\n<p><a href=\"https:\/\/www.lesmaconsdelacreuse.fr\/annuaires\/lettre-m\/m_314\/\" title=\"Lire la suite...\">Lire la suite<\/a><\/p>\n","protected":false},"author":2,"featured_media":0,"comment_status":"closed","ping_status":"closed","sticky":false,"template":"","format":"standard","meta":{"_acf_changed":false,"_exactmetrics_skip_tracking":false,"_exactmetrics_sitenote_active":false,"_exactmetrics_sitenote_note":"","_exactmetrics_sitenote_category":0,"footnotes":""},"categories":[14],"tags":[],"class_list":["post-37237","post","type-post","status-publish","format-standard","hentry","category-lettre-m"],"acf":[],"_links":{"self":[{"href":"https:\/\/www.lesmaconsdelacreuse.fr\/annuaires\/wp-json\/wp\/v2\/posts\/37237","targetHints":{"allow":["GET"]}}],"collection":[{"href":"https:\/\/www.lesmaconsdelacreuse.fr\/annuaires\/wp-json\/wp\/v2\/posts"}],"about":[{"href":"https:\/\/www.lesmaconsdelacreuse.fr\/annuaires\/wp-json\/wp\/v2\/types\/post"}],"author":[{"embeddable":true,"href":"https:\/\/www.lesmaconsdelacreuse.fr\/annuaires\/wp-json\/wp\/v2\/users\/2"}],"replies":[{"embeddable":true,"href":"https:\/\/www.lesmaconsdelacreuse.fr\/annuaires\/wp-json\/wp\/v2\/comments?post=37237"}],"version-history":[{"count":0,"href":"https:\/\/www.lesmaconsdelacreuse.fr\/annuaires\/wp-json\/wp\/v2\/posts\/37237\/revisions"}],"wp:attachment":[{"href":"https:\/\/www.lesmaconsdelacreuse.fr\/annuaires\/wp-json\/wp\/v2\/media?parent=37237"}],"wp:term":[{"taxonomy":"category","embeddable":true,"href":"https:\/\/www.lesmaconsdelacreuse.fr\/annuaires\/wp-json\/wp\/v2\/categories?post=37237"},{"taxonomy":"post_tag","embeddable":true,"href":"https:\/\/www.lesmaconsdelacreuse.fr\/annuaires\/wp-json\/wp\/v2\/tags?post=37237"}],"curies":[{"name":"wp","href":"https:\/\/api.w.org\/{rel}","templated":true}]}}