{"id":37240,"date":"2019-08-04T17:23:13","date_gmt":"2019-08-04T15:23:13","guid":{"rendered":"http:\/\/lesmaconsdelacreuse.fr\/annuaire\/?p=37240"},"modified":"2020-10-04T15:17:59","modified_gmt":"2020-10-04T13:17:59","slug":"m_387","status":"publish","type":"post","link":"https:\/\/www.lesmaconsdelacreuse.fr\/annuaires\/lettre-m\/m_387\/","title":{"rendered":"MOREIL Junien (1866-1955)"},"content":{"rendered":"<p class=\"last-updated\"><strong>Mis \u00e0 jour le :<\/strong> 25\/04\/2026<\/p><h2 style=\"text-align: center;\"><strong>Junien MOREIL<\/strong><\/h2>\n<p style=\"text-align: center;\"><strong>1866 &#8211; 1955<\/strong><\/p>\n<p style=\"text-align: center;\"><img loading=\"lazy\" decoding=\"async\" class=\"\" title=\"\" src=\"https:\/\/lesmaconsdelacreuse.fr\/annuaire\/wp-content\/uploads\/2019\/08\/image1-1105.jpg\" alt=\"\" width=\"432\" height=\"113\" data-asset-id=\"37238\" data-source-id=\"i.0\" \/><\/p>\n<h4 style=\"text-align: center;\"><span style=\"color: #008000;\"><strong>entrepreneur de \u25ba<span style=\"color: #008000;\"><a style=\"color: #008000;\" href=\"https:\/\/www.lesmaconsdelacreuse.fr\/annuaires\/wp-content\/uploads\/2020\/08\/TRAVAUX-PUBLICS-1.png\">travaux publics<\/a><\/span><br \/>\n<\/strong><\/span><\/h4>\n<p>&nbsp;<\/p>\n<p style=\"text-align: center;\">n\u00e9 \u00e0 Favareillas (Saint-Martin-Ch\u00e2teau)<\/p>\n<p style=\"text-align: center;\">le 27 mars 1866<\/p>\n<p style=\"text-align: center;\">fils de<\/p>\n<p style=\"text-align: center;\">Jean MOREIL, <span style=\"color: #008000;\"><strong>ma\u00e7on <\/strong><\/span><strong>\/ <\/strong>Jeanne MOREAU<\/p>\n<p style=\"text-align: center;\">propri\u00e9taires cultivateurs<\/p>\n<p style=\"text-align: center;\"><span style=\"color: #ffffff;\">\u25d9<\/span><\/p>\n<p><em>Junien, <\/em><span style=\"color: #008000;\"><strong>ma\u00e7on<\/strong><\/span><em>, \u00e9pouse Marie-Fran\u00e7oise <\/em><strong>SIMONET<\/strong><em> le 3 f\u00e9vrier <\/em><strong>1891<\/strong><em> \u00e0 Saint-Martin-Ch\u00e2teau (contrat Magadoux). Ils habitent d\u2019abord Favareillas. <\/em><\/p>\n<p><em>La m\u00eame ann\u00e9e, Junien est \u00e0 <\/em><strong><span style=\"color: #0000ff;\">Paris (75)<\/span> <\/strong><em>et loge 20, rue Roussel\u00a0;<\/em><\/p>\n<p><strong>en 1899<\/strong><em>, 58, rue des Grandes Carri\u00e8res.<\/em><\/p>\n<p><em>Marie-Fran\u00e7oise d\u00e9c\u00e8de \u00e0 Paris le 8 avril <\/em>1919 <em>\u00e2g\u00e9e de 49 ans. <\/em><\/p>\n<p><span style=\"color: #000000;\"><strong>En 1923 et \u25ba<a style=\"color: #000000;\" href=\"https:\/\/www.lesmaconsdelacreuse.fr\/annuaires\/\/wp-content\/uploads\/DOCUMENTS\/1927_-_Junien_et_Louis_MOREIL_a_Paris.pdf\" target=\"_blank\" rel=\"noopener noreferrer\">1927<\/a><\/strong><\/span><em>, Junien, <\/em><span style=\"color: #008000;\"><strong>entrepreneur de travaux publics<\/strong><\/span><em>, habite 21 bis, rue Duranton.<\/em><\/p>\n<p><em>II d\u00e9c\u00e8de \u00e0 <\/em><span style=\"color: #0000ff;\"><strong>Vanves (92)<\/strong><\/span><em> le 11 juin <\/em><strong>1955<\/strong><em>, \u00e2g\u00e9 de 89 ans<\/em><\/p>\n<p><strong>\u00a0<\/strong><\/p>\n<p>&nbsp;<\/p>\n","protected":false},"excerpt":{"rendered":"<p>Mis \u00e0 jour le : 25\/04\/2026Junien MOREIL 1866 &#8211; 1955 entrepreneur de \u25batravaux publics &nbsp; n\u00e9 \u00e0 Favareillas (Saint-Martin-Ch\u00e2teau) le 27 mars 1866 fils de Jean MOREIL, ma\u00e7on \/ Jeanne MOREAU propri\u00e9taires cultivateurs \u25d9 Junien, ma\u00e7on, \u00e9pouse Marie-Fran\u00e7oise SIMONET le 3 f\u00e9vrier 1891 \u00e0 Saint-Martin-Ch\u00e2teau (contrat Magadoux). Ils habitent d\u2019abord Favareillas. La m\u00eame ann\u00e9e, Junien ..<\/p>\n<div class=\"clear-fix\"><\/div>\n<p><a href=\"https:\/\/www.lesmaconsdelacreuse.fr\/annuaires\/lettre-m\/m_387\/\" title=\"Lire la suite...\">Lire la suite<\/a><\/p>\n","protected":false},"author":2,"featured_media":0,"comment_status":"closed","ping_status":"closed","sticky":false,"template":"","format":"standard","meta":{"_acf_changed":false,"_exactmetrics_skip_tracking":false,"_exactmetrics_sitenote_active":false,"_exactmetrics_sitenote_note":"","_exactmetrics_sitenote_category":0,"footnotes":""},"categories":[14],"tags":[],"class_list":["post-37240","post","type-post","status-publish","format-standard","hentry","category-lettre-m"],"acf":[],"_links":{"self":[{"href":"https:\/\/www.lesmaconsdelacreuse.fr\/annuaires\/wp-json\/wp\/v2\/posts\/37240","targetHints":{"allow":["GET"]}}],"collection":[{"href":"https:\/\/www.lesmaconsdelacreuse.fr\/annuaires\/wp-json\/wp\/v2\/posts"}],"about":[{"href":"https:\/\/www.lesmaconsdelacreuse.fr\/annuaires\/wp-json\/wp\/v2\/types\/post"}],"author":[{"embeddable":true,"href":"https:\/\/www.lesmaconsdelacreuse.fr\/annuaires\/wp-json\/wp\/v2\/users\/2"}],"replies":[{"embeddable":true,"href":"https:\/\/www.lesmaconsdelacreuse.fr\/annuaires\/wp-json\/wp\/v2\/comments?post=37240"}],"version-history":[{"count":0,"href":"https:\/\/www.lesmaconsdelacreuse.fr\/annuaires\/wp-json\/wp\/v2\/posts\/37240\/revisions"}],"wp:attachment":[{"href":"https:\/\/www.lesmaconsdelacreuse.fr\/annuaires\/wp-json\/wp\/v2\/media?parent=37240"}],"wp:term":[{"taxonomy":"category","embeddable":true,"href":"https:\/\/www.lesmaconsdelacreuse.fr\/annuaires\/wp-json\/wp\/v2\/categories?post=37240"},{"taxonomy":"post_tag","embeddable":true,"href":"https:\/\/www.lesmaconsdelacreuse.fr\/annuaires\/wp-json\/wp\/v2\/tags?post=37240"}],"curies":[{"name":"wp","href":"https:\/\/api.w.org\/{rel}","templated":true}]}}