{"id":37241,"date":"2019-08-04T17:23:13","date_gmt":"2019-08-04T15:23:13","guid":{"rendered":"http:\/\/lesmaconsdelacreuse.fr\/annuaire\/?p=37241"},"modified":"2020-01-20T11:07:24","modified_gmt":"2020-01-20T10:07:24","slug":"m_312","status":"publish","type":"post","link":"https:\/\/www.lesmaconsdelacreuse.fr\/annuaires\/lettre-m\/m_312\/","title":{"rendered":"MARVIER Michel (1784-1812)"},"content":{"rendered":"<p class=\"last-updated\"><strong>Mis \u00e0 jour le :<\/strong> 25\/04\/2026<\/p><h2 style=\"text-align: center;\"><strong>Michel MARVIER<\/strong><\/h2>\n<p style=\"text-align: center;\"><strong>1784 &#8211; 1812<\/strong><\/p>\n<p style=\"text-align: center;\"><img decoding=\"async\" title=\"\" src=\"https:\/\/lesmaconsdelacreuse.fr\/annuaire\/wp-content\/uploads\/2019\/08\/image1-1106.jpg\" alt=\"\" data-asset-id=\"37239\" data-source-id=\"i.0\" \/><\/p>\n<h4 style=\"text-align: center;\"><strong><span style=\"color: #008000;\">ma\u00e7on<\/span> <\/strong><span style=\"color: #008000;\">et<strong> cultivateur<\/strong><\/span><\/h4>\n<p style=\"text-align: center;\">n\u00e9 \u00e0 Haute-Faye (Roy\u00e8re)<\/p>\n<p style=\"text-align: center;\">le 20 avril 1784<\/p>\n<p style=\"text-align: center;\">fils de<\/p>\n<p style=\"text-align: center;\">L\u00e9onard MARVIER \/ Catherine BOURDEAU<\/p>\n<p style=\"text-align: center;\">laboureurs<\/p>\n<p style=\"text-align: center;\"><span style=\"color: #ffffff;\">\u25d9<\/span><\/p>\n<p><em>Michel \u00e9pouse L\u00e9onarde <\/em><strong>JEANSANETAS<\/strong><em> le 17 pluvi\u00f4se an XI (6 f\u00e9vrier <\/em><strong>1803<\/strong><em> &#8211; date de la publication des bans \u2013 (contrat Coutisson).<\/em><\/p>\n<p><em> Ils habitent Haute-Faye.<\/em><\/p>\n<p><em>Ils y d\u00e9c\u00e8dent, tous deux \u00e2g\u00e9s de 28 ans :<\/em><\/p>\n<ul>\n<li><em>L\u00e9onarde, le 18 f\u00e9vrier <\/em><strong>1808<\/strong><\/li>\n<li><em>Michel, le 8 juin <\/em><strong>1812<\/strong><em><br \/>\n<\/em><\/li>\n<\/ul>\n","protected":false},"excerpt":{"rendered":"<p>Mis \u00e0 jour le : 25\/04\/2026Michel MARVIER 1784 &#8211; 1812 ma\u00e7on et cultivateur n\u00e9 \u00e0 Haute-Faye (Roy\u00e8re) le 20 avril 1784 fils de L\u00e9onard MARVIER \/ Catherine BOURDEAU laboureurs \u25d9 Michel \u00e9pouse L\u00e9onarde JEANSANETAS le 17 pluvi\u00f4se an XI (6 f\u00e9vrier 1803 &#8211; date de la publication des bans \u2013 (contrat Coutisson). Ils habitent Haute-Faye. ..<\/p>\n<div class=\"clear-fix\"><\/div>\n<p><a href=\"https:\/\/www.lesmaconsdelacreuse.fr\/annuaires\/lettre-m\/m_312\/\" title=\"Lire la suite...\">Lire la suite<\/a><\/p>\n","protected":false},"author":2,"featured_media":0,"comment_status":"closed","ping_status":"closed","sticky":false,"template":"","format":"standard","meta":{"_acf_changed":false,"_exactmetrics_skip_tracking":false,"_exactmetrics_sitenote_active":false,"_exactmetrics_sitenote_note":"","_exactmetrics_sitenote_category":0,"footnotes":""},"categories":[14],"tags":[],"class_list":["post-37241","post","type-post","status-publish","format-standard","hentry","category-lettre-m"],"acf":[],"_links":{"self":[{"href":"https:\/\/www.lesmaconsdelacreuse.fr\/annuaires\/wp-json\/wp\/v2\/posts\/37241","targetHints":{"allow":["GET"]}}],"collection":[{"href":"https:\/\/www.lesmaconsdelacreuse.fr\/annuaires\/wp-json\/wp\/v2\/posts"}],"about":[{"href":"https:\/\/www.lesmaconsdelacreuse.fr\/annuaires\/wp-json\/wp\/v2\/types\/post"}],"author":[{"embeddable":true,"href":"https:\/\/www.lesmaconsdelacreuse.fr\/annuaires\/wp-json\/wp\/v2\/users\/2"}],"replies":[{"embeddable":true,"href":"https:\/\/www.lesmaconsdelacreuse.fr\/annuaires\/wp-json\/wp\/v2\/comments?post=37241"}],"version-history":[{"count":0,"href":"https:\/\/www.lesmaconsdelacreuse.fr\/annuaires\/wp-json\/wp\/v2\/posts\/37241\/revisions"}],"wp:attachment":[{"href":"https:\/\/www.lesmaconsdelacreuse.fr\/annuaires\/wp-json\/wp\/v2\/media?parent=37241"}],"wp:term":[{"taxonomy":"category","embeddable":true,"href":"https:\/\/www.lesmaconsdelacreuse.fr\/annuaires\/wp-json\/wp\/v2\/categories?post=37241"},{"taxonomy":"post_tag","embeddable":true,"href":"https:\/\/www.lesmaconsdelacreuse.fr\/annuaires\/wp-json\/wp\/v2\/tags?post=37241"}],"curies":[{"name":"wp","href":"https:\/\/api.w.org\/{rel}","templated":true}]}}