{"id":37245,"date":"2019-08-04T17:23:13","date_gmt":"2019-08-04T15:23:13","guid":{"rendered":"http:\/\/lesmaconsdelacreuse.fr\/annuaire\/?p=37245"},"modified":"2020-09-28T10:29:25","modified_gmt":"2020-09-28T08:29:25","slug":"m_378","status":"publish","type":"post","link":"https:\/\/www.lesmaconsdelacreuse.fr\/annuaires\/lettre-m\/m_378\/","title":{"rendered":"MOREIL \u00c9tienne (1761-1809)"},"content":{"rendered":"<p class=\"last-updated\"><strong>Mis \u00e0 jour le :<\/strong> 25\/04\/2026<\/p><h2 style=\"text-align: center;\"><strong>\u00c9tienne MOREIL<\/strong><\/h2>\n<p style=\"text-align: center;\"><strong>Antoine MOREIL<\/strong><\/p>\n<p style=\"text-align: center;\"><strong>1761 &#8211; 1809<\/strong><\/p>\n<p style=\"text-align: center;\"><img decoding=\"async\" title=\"\" src=\"https:\/\/lesmaconsdelacreuse.fr\/annuaire\/wp-content\/uploads\/2019\/08\/image1-1107.jpg\" alt=\"\" data-asset-id=\"37244\" data-source-id=\"i.0\" \/><\/p>\n<h4 style=\"text-align: center;\"><strong><span style=\"color: #008000;\">ma\u00e7on<\/span> <\/strong><span style=\"color: #008000;\">et<strong> laboureur<\/strong><\/span><\/h4>\n<p>&nbsp;<\/p>\n<p style=\"text-align: center;\">n\u00e9 \u00e0 Auzoux (Roy\u00e8re)<\/p>\n<p style=\"text-align: center;\">le 18 mars 1761<\/p>\n<p style=\"text-align: center;\">fils de<\/p>\n<p style=\"text-align: center;\">Antoine MOREIL, mar\u00e9chal-ferrant et <em>\u25ba <\/em><a href=\"https:\/\/www.lesmaconsdelacreuse.fr\/annuaires\/wp-content\/uploads\/2019\/08\/TAILLANDIER.png\">taillandier<\/a><\/p>\n<p style=\"text-align: center;\">Anne LEGOUTEIL, cultivatrice<\/p>\n<p style=\"text-align: center;\"><span style=\"color: #ffffff;\">\u25d9<\/span><\/p>\n<p><em>\u00c9tienne \u00e9pouse Jeanne <\/em><strong>LECLERC<\/strong><em> le 2 f\u00e9vrier <\/em><strong>1785<\/strong><em> \u00e0 Gentioux (contrat Coutisson \u00e0 Roy\u00e8re). <\/em><\/p>\n<p><em>Ils habitent le Ch\u00e2taignoux, commune de Roy\u00e8re.<\/em><\/p>\n<p><em>Ils y d\u00e9c\u00e8dent\u00a0:<\/em><\/p>\n<ul>\n<li><em>\u00c9tienne, le 7 janvier <\/em><strong>1809<\/strong><em>, \u00e2g\u00e9 de 47 ans<\/em><\/li>\n<li><em>Jeanne, le 25 d\u00e9cembre <\/em><strong>1856<\/strong><em>, \u00e2g\u00e9e de 88 ans<\/em><\/li>\n<\/ul>\n<p>&nbsp;<\/p>\n","protected":false},"excerpt":{"rendered":"<p>Mis \u00e0 jour le : 25\/04\/2026\u00c9tienne MOREIL Antoine MOREIL 1761 &#8211; 1809 ma\u00e7on et laboureur &nbsp; n\u00e9 \u00e0 Auzoux (Roy\u00e8re) le 18 mars 1761 fils de Antoine MOREIL, mar\u00e9chal-ferrant et \u25ba taillandier Anne LEGOUTEIL, cultivatrice \u25d9 \u00c9tienne \u00e9pouse Jeanne LECLERC le 2 f\u00e9vrier 1785 \u00e0 Gentioux (contrat Coutisson \u00e0 Roy\u00e8re). Ils habitent le Ch\u00e2taignoux, commune ..<\/p>\n<div class=\"clear-fix\"><\/div>\n<p><a href=\"https:\/\/www.lesmaconsdelacreuse.fr\/annuaires\/lettre-m\/m_378\/\" title=\"Lire la suite...\">Lire la suite<\/a><\/p>\n","protected":false},"author":2,"featured_media":0,"comment_status":"closed","ping_status":"closed","sticky":false,"template":"","format":"standard","meta":{"_acf_changed":false,"_exactmetrics_skip_tracking":false,"_exactmetrics_sitenote_active":false,"_exactmetrics_sitenote_note":"","_exactmetrics_sitenote_category":0,"footnotes":""},"categories":[14],"tags":[],"class_list":["post-37245","post","type-post","status-publish","format-standard","hentry","category-lettre-m"],"acf":[],"_links":{"self":[{"href":"https:\/\/www.lesmaconsdelacreuse.fr\/annuaires\/wp-json\/wp\/v2\/posts\/37245","targetHints":{"allow":["GET"]}}],"collection":[{"href":"https:\/\/www.lesmaconsdelacreuse.fr\/annuaires\/wp-json\/wp\/v2\/posts"}],"about":[{"href":"https:\/\/www.lesmaconsdelacreuse.fr\/annuaires\/wp-json\/wp\/v2\/types\/post"}],"author":[{"embeddable":true,"href":"https:\/\/www.lesmaconsdelacreuse.fr\/annuaires\/wp-json\/wp\/v2\/users\/2"}],"replies":[{"embeddable":true,"href":"https:\/\/www.lesmaconsdelacreuse.fr\/annuaires\/wp-json\/wp\/v2\/comments?post=37245"}],"version-history":[{"count":0,"href":"https:\/\/www.lesmaconsdelacreuse.fr\/annuaires\/wp-json\/wp\/v2\/posts\/37245\/revisions"}],"wp:attachment":[{"href":"https:\/\/www.lesmaconsdelacreuse.fr\/annuaires\/wp-json\/wp\/v2\/media?parent=37245"}],"wp:term":[{"taxonomy":"category","embeddable":true,"href":"https:\/\/www.lesmaconsdelacreuse.fr\/annuaires\/wp-json\/wp\/v2\/categories?post=37245"},{"taxonomy":"post_tag","embeddable":true,"href":"https:\/\/www.lesmaconsdelacreuse.fr\/annuaires\/wp-json\/wp\/v2\/tags?post=37245"}],"curies":[{"name":"wp","href":"https:\/\/api.w.org\/{rel}","templated":true}]}}