{"id":37252,"date":"2019-08-04T17:23:12","date_gmt":"2019-08-04T15:23:12","guid":{"rendered":"http:\/\/lesmaconsdelacreuse.fr\/annuaire\/?p=37252"},"modified":"2022-04-17T11:30:39","modified_gmt":"2022-04-17T09:30:39","slug":"m_366","status":"publish","type":"post","link":"https:\/\/www.lesmaconsdelacreuse.fr\/annuaires\/lettre-m\/m_366\/","title":{"rendered":"MAUCOURANT L\u00e9onard (1843\u2013entre 1891 et 1905)"},"content":{"rendered":"<p class=\"last-updated\"><strong>Mis \u00e0 jour le :<\/strong> 25\/04\/2026<\/p><h2 style=\"text-align: center;\"><strong>L\u00e9onard MAUCOURANT<\/strong><\/h2>\n<p style=\"text-align: center;\"><strong>1843 \u2013 entre 1891 et 1905<\/strong><\/p>\n<p style=\"text-align: center;\"><img loading=\"lazy\" decoding=\"async\" class=\"\" title=\"\" src=\"https:\/\/lesmaconsdelacreuse.fr\/annuaire\/wp-content\/uploads\/2019\/08\/image1-1110.jpg\" alt=\"\" width=\"435\" height=\"48\" data-asset-id=\"37250\" data-source-id=\"i.0\" \/><\/p>\n<h4 style=\"text-align: center;\"><span style=\"color: #008000;\"><strong>ma\u00e7on<\/strong><\/span><\/h4>\n<p style=\"text-align: center;\">n\u00e9 \u00e0 La Villatte (Saint-Pierre-le-Bost)<\/p>\n<p style=\"text-align: center;\">le 20 octobre 1843<\/p>\n<p style=\"text-align: center;\">fils de<\/p>\n<p style=\"text-align: center;\">Fran\u00e7ois MAUCOURANT, <span style=\"color: #008000;\"><strong>ma\u00e7on <\/strong><\/span><strong>\/ <\/strong>Marie DELARD<\/p>\n<p style=\"text-align: center;\">propri\u00e9taires cultivateurs<\/p>\n<p style=\"text-align: center;\"><span style=\"color: #ffffff;\">\u25d9<\/span><\/p>\n<p><em>L\u00e9onard \u00e9pouse Marie <\/em><strong>LAGRANGE<\/strong><em> le 3 octobre <\/em><strong>1871<\/strong><em> \u00e0 Saint-Pierre (contrat Laville au Monteil-au-Vicomte). <\/em><\/p>\n<p><strong>D\u00e8s 1880<\/strong><em>, ils sont \u00e0 <\/em><span style=\"color: #0000ff;\"><strong>Paris (75)<\/strong><\/span><em>.<\/em><\/p>\n<p><strong>En 1891<\/strong><em>, ils habitent le 5<sup>e<\/sup> arrondissement.<\/em><\/p>\n","protected":false},"excerpt":{"rendered":"<p>Mis \u00e0 jour le : 25\/04\/2026L\u00e9onard MAUCOURANT 1843 \u2013 entre 1891 et 1905 ma\u00e7on n\u00e9 \u00e0 La Villatte (Saint-Pierre-le-Bost) le 20 octobre 1843 fils de Fran\u00e7ois MAUCOURANT, ma\u00e7on \/ Marie DELARD propri\u00e9taires cultivateurs \u25d9 L\u00e9onard \u00e9pouse Marie LAGRANGE le 3 octobre 1871 \u00e0 Saint-Pierre (contrat Laville au Monteil-au-Vicomte). D\u00e8s 1880, ils sont \u00e0 Paris (75). ..<\/p>\n<div class=\"clear-fix\"><\/div>\n<p><a href=\"https:\/\/www.lesmaconsdelacreuse.fr\/annuaires\/lettre-m\/m_366\/\" title=\"Lire la suite...\">Lire la suite<\/a><\/p>\n","protected":false},"author":2,"featured_media":0,"comment_status":"closed","ping_status":"closed","sticky":false,"template":"","format":"standard","meta":{"_acf_changed":false,"_exactmetrics_skip_tracking":false,"_exactmetrics_sitenote_active":false,"_exactmetrics_sitenote_note":"","_exactmetrics_sitenote_category":0,"footnotes":""},"categories":[14],"tags":[],"class_list":["post-37252","post","type-post","status-publish","format-standard","hentry","category-lettre-m"],"acf":[],"_links":{"self":[{"href":"https:\/\/www.lesmaconsdelacreuse.fr\/annuaires\/wp-json\/wp\/v2\/posts\/37252","targetHints":{"allow":["GET"]}}],"collection":[{"href":"https:\/\/www.lesmaconsdelacreuse.fr\/annuaires\/wp-json\/wp\/v2\/posts"}],"about":[{"href":"https:\/\/www.lesmaconsdelacreuse.fr\/annuaires\/wp-json\/wp\/v2\/types\/post"}],"author":[{"embeddable":true,"href":"https:\/\/www.lesmaconsdelacreuse.fr\/annuaires\/wp-json\/wp\/v2\/users\/2"}],"replies":[{"embeddable":true,"href":"https:\/\/www.lesmaconsdelacreuse.fr\/annuaires\/wp-json\/wp\/v2\/comments?post=37252"}],"version-history":[{"count":2,"href":"https:\/\/www.lesmaconsdelacreuse.fr\/annuaires\/wp-json\/wp\/v2\/posts\/37252\/revisions"}],"predecessor-version":[{"id":197823,"href":"https:\/\/www.lesmaconsdelacreuse.fr\/annuaires\/wp-json\/wp\/v2\/posts\/37252\/revisions\/197823"}],"wp:attachment":[{"href":"https:\/\/www.lesmaconsdelacreuse.fr\/annuaires\/wp-json\/wp\/v2\/media?parent=37252"}],"wp:term":[{"taxonomy":"category","embeddable":true,"href":"https:\/\/www.lesmaconsdelacreuse.fr\/annuaires\/wp-json\/wp\/v2\/categories?post=37252"},{"taxonomy":"post_tag","embeddable":true,"href":"https:\/\/www.lesmaconsdelacreuse.fr\/annuaires\/wp-json\/wp\/v2\/tags?post=37252"}],"curies":[{"name":"wp","href":"https:\/\/api.w.org\/{rel}","templated":true}]}}