{"id":37254,"date":"2019-08-04T17:23:12","date_gmt":"2019-08-04T15:23:12","guid":{"rendered":"http:\/\/lesmaconsdelacreuse.fr\/annuaire\/?p=37254"},"modified":"2020-10-01T14:56:41","modified_gmt":"2020-10-01T12:56:41","slug":"m_357","status":"publish","type":"post","link":"https:\/\/www.lesmaconsdelacreuse.fr\/annuaires\/lettre-m\/m_357\/","title":{"rendered":"MATHIVAUD Michel (1886\u20131932)"},"content":{"rendered":"<p class=\"last-updated\"><strong>Mis \u00e0 jour le :<\/strong> 25\/04\/2026<\/p><h2 style=\"text-align: center;\"><strong>Michel MATHIVAUD<\/strong><\/h2>\n<p style=\"text-align: center;\"><strong>1886 \u20131932<\/strong><\/p>\n<p><a href=\"https:\/\/www.lesmaconsdelacreuse.fr\/annuaires\/wp-content\/uploads\/2019\/08\/mathivaud.jpg\" target=\"_blank\" rel=\"noopener noreferrer\"><img loading=\"lazy\" decoding=\"async\" class=\"aligncenter wp-image-182037 size-full\" src=\"https:\/\/www.lesmaconsdelacreuse.fr\/annuaires\/wp-content\/uploads\/2019\/08\/mathivaud.jpg\" alt=\"\" width=\"280\" height=\"84\" srcset=\"https:\/\/www.lesmaconsdelacreuse.fr\/annuaires\/wp-content\/uploads\/2019\/08\/mathivaud.jpg 280w, https:\/\/www.lesmaconsdelacreuse.fr\/annuaires\/wp-content\/uploads\/2019\/08\/mathivaud-150x45.jpg 150w\" sizes=\"auto, (max-width: 280px) 100vw, 280px\" \/><\/a><\/p>\n<p>&nbsp;<\/p>\n<p style=\"text-align: center;\">\n<h4 style=\"text-align: center;\"><span style=\"color: #008000;\"><strong>ma\u00e7on<\/strong><\/span><\/h4>\n<p>&nbsp;<\/p>\n<p style=\"text-align: center;\">n\u00e9 au Massoubrot (Saint-Martin-Ch\u00e2teau)<\/p>\n<p style=\"text-align: center;\">le 11 d\u00e9cembre 1886<\/p>\n<p style=\"text-align: center;\">fils de<\/p>\n<p style=\"text-align: center;\">Arthur L\u00e9onard MATHIVAUD, <strong>\u25ba<\/strong><strong><a href=\"https:\/\/www.lesmaconsdelacreuse.fr\/annuaires\/wp-content\/uploads\/2020\/08\/CHARRON.png\" target=\"_blank\" rel=\"noopener noreferrer\">charron<\/a><\/strong><\/p>\n<p style=\"text-align: center;\">Anne LELARGE, cultivatrice<\/p>\n<p style=\"text-align: center;\"><span style=\"color: #ffffff;\">\u25d9<\/span><\/p>\n<p><strong>En 1907<\/strong><em>, Michel travaille dans le <\/em><strong><span style=\"color: #0000ff;\">Rh\u00f4ne<\/span> <\/strong><em>et y passe le conseil de r\u00e9vision.<\/em><\/p>\n<p><strong>de 1909 \u00e0 1912<\/strong><em><strong>,<\/strong> il habite <\/em><span style=\"color: #0000ff;\"><strong>Caluire (69)<\/strong><\/span><em>, 161, grande rue Saint-Clair, avec son p\u00e8re.<\/em><\/p>\n<p><em>Il y \u00e9pouse R\u00e9gine Augustine Cl\u00e9mentine <\/em><strong>REIGUE<\/strong><em>, fille d\u2019entrepreneur, le 6 juillet <\/em><strong>1912<\/strong> <em>(mari\u00e9s sans contrat).<\/em><\/p>\n<p><strong>En 1913<\/strong><em>, les \u00e9poux habitent <\/em><span style=\"color: #0000ff;\"><strong>Saint-Genis-Laval (69)<\/strong><\/span><em>, place du March\u00e9, maison Rivi\u00e8re. <\/em><\/p>\n<p><strong>En 1932<\/strong><em>, toujours \u00e0 Saint-Genis, ils sont 38, rue Cl\u00e9menceau.<\/em><\/p>\n<p><em>Michel d\u00e9c\u00e8de le 6 mars de la m\u00eame ann\u00e9e, \u00e2g\u00e9 de 45 ans, \u00e0 Bron (69), 15, rue de l\u2019Esp\u00e9rance.<\/em><\/p>\n<p>&nbsp;<\/p>\n","protected":false},"excerpt":{"rendered":"<p>Mis \u00e0 jour le : 25\/04\/2026Michel MATHIVAUD 1886 \u20131932 &nbsp; ma\u00e7on &nbsp; n\u00e9 au Massoubrot (Saint-Martin-Ch\u00e2teau) le 11 d\u00e9cembre 1886 fils de Arthur L\u00e9onard MATHIVAUD, \u25bacharron Anne LELARGE, cultivatrice \u25d9 En 1907, Michel travaille dans le Rh\u00f4ne et y passe le conseil de r\u00e9vision. de 1909 \u00e0 1912, il habite Caluire (69), 161, grande rue ..<\/p>\n<div class=\"clear-fix\"><\/div>\n<p><a href=\"https:\/\/www.lesmaconsdelacreuse.fr\/annuaires\/lettre-m\/m_357\/\" title=\"Lire la suite...\">Lire la suite<\/a><\/p>\n","protected":false},"author":2,"featured_media":0,"comment_status":"closed","ping_status":"closed","sticky":false,"template":"","format":"standard","meta":{"_acf_changed":false,"_exactmetrics_skip_tracking":false,"_exactmetrics_sitenote_active":false,"_exactmetrics_sitenote_note":"","_exactmetrics_sitenote_category":0,"footnotes":""},"categories":[14],"tags":[],"class_list":["post-37254","post","type-post","status-publish","format-standard","hentry","category-lettre-m"],"acf":[],"_links":{"self":[{"href":"https:\/\/www.lesmaconsdelacreuse.fr\/annuaires\/wp-json\/wp\/v2\/posts\/37254","targetHints":{"allow":["GET"]}}],"collection":[{"href":"https:\/\/www.lesmaconsdelacreuse.fr\/annuaires\/wp-json\/wp\/v2\/posts"}],"about":[{"href":"https:\/\/www.lesmaconsdelacreuse.fr\/annuaires\/wp-json\/wp\/v2\/types\/post"}],"author":[{"embeddable":true,"href":"https:\/\/www.lesmaconsdelacreuse.fr\/annuaires\/wp-json\/wp\/v2\/users\/2"}],"replies":[{"embeddable":true,"href":"https:\/\/www.lesmaconsdelacreuse.fr\/annuaires\/wp-json\/wp\/v2\/comments?post=37254"}],"version-history":[{"count":0,"href":"https:\/\/www.lesmaconsdelacreuse.fr\/annuaires\/wp-json\/wp\/v2\/posts\/37254\/revisions"}],"wp:attachment":[{"href":"https:\/\/www.lesmaconsdelacreuse.fr\/annuaires\/wp-json\/wp\/v2\/media?parent=37254"}],"wp:term":[{"taxonomy":"category","embeddable":true,"href":"https:\/\/www.lesmaconsdelacreuse.fr\/annuaires\/wp-json\/wp\/v2\/categories?post=37254"},{"taxonomy":"post_tag","embeddable":true,"href":"https:\/\/www.lesmaconsdelacreuse.fr\/annuaires\/wp-json\/wp\/v2\/tags?post=37254"}],"curies":[{"name":"wp","href":"https:\/\/api.w.org\/{rel}","templated":true}]}}