{"id":37260,"date":"2019-08-04T17:23:12","date_gmt":"2019-08-04T15:23:12","guid":{"rendered":"http:\/\/lesmaconsdelacreuse.fr\/annuaire\/?p=37260"},"modified":"2022-04-17T12:10:27","modified_gmt":"2022-04-17T10:10:27","slug":"m_381","status":"publish","type":"post","link":"https:\/\/www.lesmaconsdelacreuse.fr\/annuaires\/lettre-m\/m_381\/","title":{"rendered":"MOREIL Jean (1800\u20131876)"},"content":{"rendered":"<p class=\"last-updated\"><strong>Mis \u00e0 jour le :<\/strong> 25\/04\/2026<\/p><h2 style=\"text-align: center;\"><strong>Jean MOREIL<\/strong><\/h2>\n<p style=\"text-align: center;\"><strong>1800 \u2013 1876<\/strong><\/p>\n<p style=\"text-align: center;\"><img decoding=\"async\" title=\"\" src=\"https:\/\/lesmaconsdelacreuse.fr\/annuaire\/wp-content\/uploads\/2019\/08\/image1-1113.jpg\" alt=\"\" data-asset-id=\"37258\" data-source-id=\"i.0\" \/><\/p>\n<h4 style=\"text-align: center;\"><span style=\"color: #008000;\"><strong>ma\u00e7on <\/strong>et<\/span> <span style=\"color: #008000;\"><strong>propri\u00e9taire cultivateur<\/strong><\/span><\/h4>\n<p style=\"text-align: center;\">n\u00e9 \u00e0 Favareillas (Saint-Martin-Ch\u00e2teau)<\/p>\n<p style=\"text-align: center;\">le 27 brumaire an IX (18 novembre 1800)<\/p>\n<p style=\"text-align: center;\">fils de<\/p>\n<p style=\"text-align: center;\">L\u00e9onard MOREIL, <span style=\"color: #008000;\"><strong>ma\u00e7on<\/strong><\/span><\/p>\n<p style=\"text-align: center;\">Marie FAZILLE, cultivatrice<\/p>\n<p style=\"text-align: center;\"><span style=\"color: #ffffff;\">\u25d9<\/span><\/p>\n<p><em>Jean \u00e9pouse Anne <\/em><strong>FOURNET<\/strong><em> le 3 f\u00e9vrier <\/em><strong>1828<\/strong><em> \u00e0 Saint-Yriex-la-Montagne (contrat Coutisson \u00e0 Roy\u00e8re).<\/em><\/p>\n<p><em>Ils habitent Favareillas. <\/em><\/p>\n<p><em>Ils y d\u00e9c\u00e8dent tous deux\u00a0:<\/em><\/p>\n<ul>\n<li><em>Anne, le 25 avril <\/em><strong>1840<\/strong><em>, \u00e2g\u00e9e de 36 ans<\/em><\/li>\n<li><em>Jean, le 16 avril <\/em><strong>1876<\/strong><em>, \u00e2g\u00e9 de 75 ans<\/em><\/li>\n<\/ul>\n","protected":false},"excerpt":{"rendered":"<p>Mis \u00e0 jour le : 25\/04\/2026Jean MOREIL 1800 \u2013 1876 ma\u00e7on et propri\u00e9taire cultivateur n\u00e9 \u00e0 Favareillas (Saint-Martin-Ch\u00e2teau) le 27 brumaire an IX (18 novembre 1800) fils de L\u00e9onard MOREIL, ma\u00e7on Marie FAZILLE, cultivatrice \u25d9 Jean \u00e9pouse Anne FOURNET le 3 f\u00e9vrier 1828 \u00e0 Saint-Yriex-la-Montagne (contrat Coutisson \u00e0 Roy\u00e8re). Ils habitent Favareillas. Ils y d\u00e9c\u00e8dent ..<\/p>\n<div class=\"clear-fix\"><\/div>\n<p><a href=\"https:\/\/www.lesmaconsdelacreuse.fr\/annuaires\/lettre-m\/m_381\/\" title=\"Lire la suite...\">Lire la suite<\/a><\/p>\n","protected":false},"author":2,"featured_media":0,"comment_status":"closed","ping_status":"closed","sticky":false,"template":"","format":"standard","meta":{"_acf_changed":false,"_exactmetrics_skip_tracking":false,"_exactmetrics_sitenote_active":false,"_exactmetrics_sitenote_note":"","_exactmetrics_sitenote_category":0,"footnotes":""},"categories":[14],"tags":[],"class_list":["post-37260","post","type-post","status-publish","format-standard","hentry","category-lettre-m"],"acf":[],"_links":{"self":[{"href":"https:\/\/www.lesmaconsdelacreuse.fr\/annuaires\/wp-json\/wp\/v2\/posts\/37260","targetHints":{"allow":["GET"]}}],"collection":[{"href":"https:\/\/www.lesmaconsdelacreuse.fr\/annuaires\/wp-json\/wp\/v2\/posts"}],"about":[{"href":"https:\/\/www.lesmaconsdelacreuse.fr\/annuaires\/wp-json\/wp\/v2\/types\/post"}],"author":[{"embeddable":true,"href":"https:\/\/www.lesmaconsdelacreuse.fr\/annuaires\/wp-json\/wp\/v2\/users\/2"}],"replies":[{"embeddable":true,"href":"https:\/\/www.lesmaconsdelacreuse.fr\/annuaires\/wp-json\/wp\/v2\/comments?post=37260"}],"version-history":[{"count":2,"href":"https:\/\/www.lesmaconsdelacreuse.fr\/annuaires\/wp-json\/wp\/v2\/posts\/37260\/revisions"}],"predecessor-version":[{"id":197827,"href":"https:\/\/www.lesmaconsdelacreuse.fr\/annuaires\/wp-json\/wp\/v2\/posts\/37260\/revisions\/197827"}],"wp:attachment":[{"href":"https:\/\/www.lesmaconsdelacreuse.fr\/annuaires\/wp-json\/wp\/v2\/media?parent=37260"}],"wp:term":[{"taxonomy":"category","embeddable":true,"href":"https:\/\/www.lesmaconsdelacreuse.fr\/annuaires\/wp-json\/wp\/v2\/categories?post=37260"},{"taxonomy":"post_tag","embeddable":true,"href":"https:\/\/www.lesmaconsdelacreuse.fr\/annuaires\/wp-json\/wp\/v2\/tags?post=37260"}],"curies":[{"name":"wp","href":"https:\/\/api.w.org\/{rel}","templated":true}]}}