{"id":37267,"date":"2019-08-04T17:23:11","date_gmt":"2019-08-04T15:23:11","guid":{"rendered":"http:\/\/lesmaconsdelacreuse.fr\/annuaire\/?p=37267"},"modified":"2022-04-17T11:13:28","modified_gmt":"2022-04-17T09:13:28","slug":"m_365","status":"publish","type":"post","link":"https:\/\/www.lesmaconsdelacreuse.fr\/annuaires\/lettre-m\/m_365\/","title":{"rendered":"MAUCOURANT  L\u00e9onard (1832 \u2013 entre 1908 et 1919)"},"content":{"rendered":"<p class=\"last-updated\"><strong>Mis \u00e0 jour le :<\/strong> 25\/04\/2026<\/p><h2 style=\"text-align: center;\"><strong>L\u00e9onard MAUCOURANT<\/strong><\/h2>\n<p style=\"text-align: center;\"><strong>Fran\u00e7ois MAUCOURANT<\/strong><\/p>\n<p style=\"text-align: center;\"><strong>1832 \u2013 entre 1908 et 1919<\/strong><\/p>\n<p style=\"text-align: center;\"><img decoding=\"async\" title=\"\" src=\"https:\/\/lesmaconsdelacreuse.fr\/annuaire\/wp-content\/uploads\/2019\/08\/image1-1116.jpg\" alt=\"\" data-asset-id=\"37266\" data-source-id=\"i.0\" \/><\/p>\n<h4 style=\"text-align: center;\"><span style=\"color: #008000;\"><strong>ma\u00e7on <\/strong>et<strong> cultivateur<\/strong><\/span><\/h4>\n<p style=\"text-align: center;\">n\u00e9 au Compeix (Saint-Pierre-le-Bost)<\/p>\n<p style=\"text-align: center;\">le 3 mars 1832<\/p>\n<p style=\"text-align: center;\">fils naturel de<\/p>\n<p style=\"text-align: center;\">Marie LEBLANC<\/p>\n<p style=\"text-align: center;\"><span style=\"color: #ffffff;\">\u25d9<\/span><\/p>\n<p><strong>En 1853<\/strong><em>, L\u00e9onard est exempt\u00e9 de service militaire\u00a0: il lui manque les premi\u00e8res phalanges de l\u2019annulaire et du m\u00e9dius de la main droite.<\/em><\/p>\n<p><em>Il \u00e9pouse Marie <\/em><strong>MARTINAUD<\/strong><em> le 6 janvier <\/em><strong>1854<\/strong><em> \u00e0 Saint-Pierre (contrat Toumieux \u00e0 Roy\u00e8re). Ils habitent La Brousse, m\u00eame commune. <\/em><\/p>\n<p><em>Marie d\u00e9c\u00e8de au bourg du Monteil au Vicomte le 24 f\u00e9vrier <\/em><strong>1907<\/strong><em>, \u00e2g\u00e9e de 72 ans.<\/em><\/p>\n<p><em>L\u00e9onard se remarie le 14 mars <\/em><strong>1908<\/strong> <em>\u00e0 Vidaillat avec Marguerite <\/em><strong>ROTY<\/strong><em>, veuve en secondes noces de L\u00e9obon PELIQUE (mari\u00e9s sans contrat\u00a0; il a 76 ans et elle 72\u00a0!)<\/em><\/p>\n<p><em>Marguerite d\u00e9c\u00e8de veuve \u00e0 La For\u00eat-Belleville, commune de Vidaillat, le 3 mars <\/em><strong>1919<\/strong><em>, \u00e2g\u00e9e de 83 ans.<\/em><\/p>\n","protected":false},"excerpt":{"rendered":"<p>Mis \u00e0 jour le : 25\/04\/2026L\u00e9onard MAUCOURANT Fran\u00e7ois MAUCOURANT 1832 \u2013 entre 1908 et 1919 ma\u00e7on et cultivateur n\u00e9 au Compeix (Saint-Pierre-le-Bost) le 3 mars 1832 fils naturel de Marie LEBLANC \u25d9 En 1853, L\u00e9onard est exempt\u00e9 de service militaire\u00a0: il lui manque les premi\u00e8res phalanges de l\u2019annulaire et du m\u00e9dius de la main droite. ..<\/p>\n<div class=\"clear-fix\"><\/div>\n<p><a href=\"https:\/\/www.lesmaconsdelacreuse.fr\/annuaires\/lettre-m\/m_365\/\" title=\"Lire la suite...\">Lire la suite<\/a><\/p>\n","protected":false},"author":2,"featured_media":0,"comment_status":"closed","ping_status":"closed","sticky":false,"template":"","format":"standard","meta":{"_acf_changed":false,"_exactmetrics_skip_tracking":false,"_exactmetrics_sitenote_active":false,"_exactmetrics_sitenote_note":"","_exactmetrics_sitenote_category":0,"footnotes":""},"categories":[14],"tags":[],"class_list":["post-37267","post","type-post","status-publish","format-standard","hentry","category-lettre-m"],"acf":[],"_links":{"self":[{"href":"https:\/\/www.lesmaconsdelacreuse.fr\/annuaires\/wp-json\/wp\/v2\/posts\/37267","targetHints":{"allow":["GET"]}}],"collection":[{"href":"https:\/\/www.lesmaconsdelacreuse.fr\/annuaires\/wp-json\/wp\/v2\/posts"}],"about":[{"href":"https:\/\/www.lesmaconsdelacreuse.fr\/annuaires\/wp-json\/wp\/v2\/types\/post"}],"author":[{"embeddable":true,"href":"https:\/\/www.lesmaconsdelacreuse.fr\/annuaires\/wp-json\/wp\/v2\/users\/2"}],"replies":[{"embeddable":true,"href":"https:\/\/www.lesmaconsdelacreuse.fr\/annuaires\/wp-json\/wp\/v2\/comments?post=37267"}],"version-history":[{"count":1,"href":"https:\/\/www.lesmaconsdelacreuse.fr\/annuaires\/wp-json\/wp\/v2\/posts\/37267\/revisions"}],"predecessor-version":[{"id":197821,"href":"https:\/\/www.lesmaconsdelacreuse.fr\/annuaires\/wp-json\/wp\/v2\/posts\/37267\/revisions\/197821"}],"wp:attachment":[{"href":"https:\/\/www.lesmaconsdelacreuse.fr\/annuaires\/wp-json\/wp\/v2\/media?parent=37267"}],"wp:term":[{"taxonomy":"category","embeddable":true,"href":"https:\/\/www.lesmaconsdelacreuse.fr\/annuaires\/wp-json\/wp\/v2\/categories?post=37267"},{"taxonomy":"post_tag","embeddable":true,"href":"https:\/\/www.lesmaconsdelacreuse.fr\/annuaires\/wp-json\/wp\/v2\/tags?post=37267"}],"curies":[{"name":"wp","href":"https:\/\/api.w.org\/{rel}","templated":true}]}}