{"id":37283,"date":"2019-08-04T17:23:10","date_gmt":"2019-08-04T15:23:10","guid":{"rendered":"http:\/\/lesmaconsdelacreuse.fr\/annuaire\/?p=37283"},"modified":"2020-01-20T11:07:27","modified_gmt":"2020-01-20T10:07:27","slug":"m_324","status":"publish","type":"post","link":"https:\/\/www.lesmaconsdelacreuse.fr\/annuaires\/lettre-m\/m_324\/","title":{"rendered":"MASFAYOUX Joseph (1807-1890)"},"content":{"rendered":"<p class=\"last-updated\"><strong>Mis \u00e0 jour le :<\/strong> 25\/04\/2026<\/p><h2 style=\"text-align: center;\"><strong>Joseph MASFAYOUX<\/strong><\/h2>\n<p style=\"text-align: center;\"><strong>1807 &#8211; 1890<\/strong><\/p>\n<p style=\"text-align: center;\"><img loading=\"lazy\" decoding=\"async\" class=\"\" title=\"\" src=\"https:\/\/lesmaconsdelacreuse.fr\/annuaire\/wp-content\/uploads\/2019\/08\/image1-1122.jpg\" alt=\"\" width=\"435\" height=\"160\" data-asset-id=\"37281\" data-source-id=\"i.0\" \/><\/p>\n<h4 style=\"text-align: center;\"><strong><span style=\"color: #008000;\">chef<\/span><\/strong><span style=\"color: #008000;\"><strong> d\u2019atelier<\/strong><\/span> <span style=\"color: #008000;\">et <strong><span style=\"color: #008000;\">p<\/span>ropri\u00e9taire cultivateur<\/strong><\/span><\/h4>\n<p style=\"text-align: center;\">n\u00e9 au bourg du Compeix<\/p>\n<p style=\"text-align: center;\">le 27 mars 1807<\/p>\n<p style=\"text-align: center;\">fils de<\/p>\n<p style=\"text-align: center;\">Fran\u00e7ois MASFAYOUX, marchand \/ Marie RENARD<\/p>\n<p style=\"text-align: center;\">propri\u00e9taires cultivateurs<\/p>\n<p style=\"text-align: center;\"><span style=\"color: #ffffff;\">\u25d9<\/span><\/p>\n<p><em>Joseph \u00e9pouse Jeanne <\/em><strong>CANCALON <\/strong><em>le 22 mars <\/em><strong>1830<\/strong><em> \u00e0 Saint-Yriex-la-Montagne. Ils vivent au bourg du Compeix.<\/em><\/p>\n<p><strong>En 1831 et 1835<\/strong><em>, Joseph travaille \u00e0 <\/em><span style=\"color: #0000ff;\"><strong>Paris (75)<\/strong><\/span><em>.<\/em><\/p>\n<p><strong>En 1840<\/strong><em>, il loge 19, rue de la Vieille Draperie, 4e arrondissement.<\/em><\/p>\n<p><em>Il loge ensuite 10, rue Marbeuf, dans le 8e avant de revenir vivre au Compeix o\u00f9 on le trouve <\/em><strong>en 1848<\/strong><em>.<\/em><\/p>\n<p><em>Jeanne d\u00e9c\u00e8de au bourg du Compeix, maintenant commune de Saint-Pierre-le-Bost, le 1er octobre <\/em><strong>1867<\/strong><em>, \u00e2g\u00e9 de 59 ans.<\/em><\/p>\n<p><em> Joseph se remarie le 19 f\u00e9vrier <\/em><strong>1874<\/strong> <em>\u00e0 Saint-Pierre avec Marie <\/em><strong>LEFORT<\/strong><em> veuve de Louis PIATTE, ma\u00e7on (contrat Magadoux \u00e0 Saint-Martin-Ch\u00e2teau). Ils vivent aussi au bourg du Compeix.<\/em><\/p>\n<p><em> Ils y d\u00e9c\u00e8dent\u00a0:<\/em><\/p>\n<ul>\n<li><em>Joseph, le 31 ao\u00fbt <\/em><strong>1890<\/strong><em>, \u00e2g\u00e9 de 83 ans<\/em><\/li>\n<li><em>Marie, le 28 mai <\/em><strong>1896<\/strong><em>, \u00e2g\u00e9e de 72 ans<\/em><\/li>\n<\/ul>\n","protected":false},"excerpt":{"rendered":"<p>Mis \u00e0 jour le : 25\/04\/2026Joseph MASFAYOUX 1807 &#8211; 1890 chef d\u2019atelier et propri\u00e9taire cultivateur n\u00e9 au bourg du Compeix le 27 mars 1807 fils de Fran\u00e7ois MASFAYOUX, marchand \/ Marie RENARD propri\u00e9taires cultivateurs \u25d9 Joseph \u00e9pouse Jeanne CANCALON le 22 mars 1830 \u00e0 Saint-Yriex-la-Montagne. Ils vivent au bourg du Compeix. En 1831 et 1835, ..<\/p>\n<div class=\"clear-fix\"><\/div>\n<p><a href=\"https:\/\/www.lesmaconsdelacreuse.fr\/annuaires\/lettre-m\/m_324\/\" title=\"Lire la suite...\">Lire la suite<\/a><\/p>\n","protected":false},"author":2,"featured_media":0,"comment_status":"closed","ping_status":"closed","sticky":false,"template":"","format":"standard","meta":{"_acf_changed":false,"_exactmetrics_skip_tracking":false,"_exactmetrics_sitenote_active":false,"_exactmetrics_sitenote_note":"","_exactmetrics_sitenote_category":0,"footnotes":""},"categories":[14],"tags":[],"class_list":["post-37283","post","type-post","status-publish","format-standard","hentry","category-lettre-m"],"acf":[],"_links":{"self":[{"href":"https:\/\/www.lesmaconsdelacreuse.fr\/annuaires\/wp-json\/wp\/v2\/posts\/37283","targetHints":{"allow":["GET"]}}],"collection":[{"href":"https:\/\/www.lesmaconsdelacreuse.fr\/annuaires\/wp-json\/wp\/v2\/posts"}],"about":[{"href":"https:\/\/www.lesmaconsdelacreuse.fr\/annuaires\/wp-json\/wp\/v2\/types\/post"}],"author":[{"embeddable":true,"href":"https:\/\/www.lesmaconsdelacreuse.fr\/annuaires\/wp-json\/wp\/v2\/users\/2"}],"replies":[{"embeddable":true,"href":"https:\/\/www.lesmaconsdelacreuse.fr\/annuaires\/wp-json\/wp\/v2\/comments?post=37283"}],"version-history":[{"count":0,"href":"https:\/\/www.lesmaconsdelacreuse.fr\/annuaires\/wp-json\/wp\/v2\/posts\/37283\/revisions"}],"wp:attachment":[{"href":"https:\/\/www.lesmaconsdelacreuse.fr\/annuaires\/wp-json\/wp\/v2\/media?parent=37283"}],"wp:term":[{"taxonomy":"category","embeddable":true,"href":"https:\/\/www.lesmaconsdelacreuse.fr\/annuaires\/wp-json\/wp\/v2\/categories?post=37283"},{"taxonomy":"post_tag","embeddable":true,"href":"https:\/\/www.lesmaconsdelacreuse.fr\/annuaires\/wp-json\/wp\/v2\/tags?post=37283"}],"curies":[{"name":"wp","href":"https:\/\/api.w.org\/{rel}","templated":true}]}}