{"id":37290,"date":"2019-08-04T17:23:10","date_gmt":"2019-08-04T15:23:10","guid":{"rendered":"http:\/\/lesmaconsdelacreuse.fr\/annuaire\/?p=37290"},"modified":"2020-01-20T11:07:27","modified_gmt":"2020-01-20T10:07:27","slug":"m_338","status":"publish","type":"post","link":"https:\/\/www.lesmaconsdelacreuse.fr\/annuaires\/lettre-m\/m_338\/","title":{"rendered":"MATHIEU \u00c9mile (1893-1948)"},"content":{"rendered":"<p class=\"last-updated\"><strong>Mis \u00e0 jour le :<\/strong> 25\/04\/2026<\/p><h2 style=\"text-align: center;\"><strong>\u00c9mile MATHIEU<\/strong><\/h2>\n<p style=\"text-align: center;\"><strong>1893 &#8211; 1948<\/strong><\/p>\n<p style=\"text-align: center;\"><img decoding=\"async\" title=\"\" src=\"https:\/\/lesmaconsdelacreuse.fr\/annuaire\/wp-content\/uploads\/2019\/08\/image1-1125.jpg\" alt=\"\" data-asset-id=\"37287\" data-source-id=\"i.0\" \/><\/p>\n<h4 style=\"text-align: center;\"><span style=\"color: #008000;\"><strong>ma\u00e7on<\/strong><\/span><\/h4>\n<p style=\"text-align: center;\">n\u00e9 \u00e0 La Cour (Saint-Martin-Ch\u00e2teau)<\/p>\n<p style=\"text-align: center;\">le 7 novembre 1893<\/p>\n<p style=\"text-align: center;\">fils de<\/p>\n<p style=\"text-align: center;\">Joseph MATHIEU \/ Henriette BEAUVAIS<\/p>\n<p style=\"text-align: center;\">cultivateurs<\/p>\n<p style=\"text-align: center;\"><span style=\"color: #ffffff;\">\u25d9<\/span><\/p>\n<p><strong>En 1914<\/strong><em>, \u00c9mile travaille dans le <\/em><span style=\"color: #0000ff;\"><strong>Rh\u00f4ne <\/strong><\/span><em>et y passe le conseil de r\u00e9vision.<\/em><\/p>\n<p><strong>En 1920<\/strong><em>, il habite <\/em><span style=\"color: #0000ff;\"><strong>Lyon (69)<\/strong><\/span><em> 24, puis 28, rue d\u2019Ivry\u00a0;<\/em><\/p>\n<p><strong>en 1921<\/strong><em>, 65, rue Dunoir.<\/em><\/p>\n<p><em> Il \u00e9pouse Marie <\/em><strong>BARRE<\/strong><em>, veuve d\u2019Auguste GARGUEL, le 22 janvier de la m\u00eame ann\u00e9e \u00e0 Peyrat-le-Ch\u00e2teau (87 \u2013 mari\u00e9s sans contrat).<\/em><\/p>\n<p><strong>En 1922<\/strong><em>, revenu \u00e0 travailler \u00e0 Lyon, il loge 167, rue Cr\u00e9qui dans le 3e arrondissement.<\/em><\/p>\n<p><em> Il d\u00e9c\u00e8de \u00e0 Peyrat le 25 novembre <\/em><strong>1948<\/strong><em>, \u00e2g\u00e9 de 55 ans.<\/em><\/p>\n<p><strong>\u00a0<\/strong><\/p>\n<p>&nbsp;<\/p>\n","protected":false},"excerpt":{"rendered":"<p>Mis \u00e0 jour le : 25\/04\/2026\u00c9mile MATHIEU 1893 &#8211; 1948 ma\u00e7on n\u00e9 \u00e0 La Cour (Saint-Martin-Ch\u00e2teau) le 7 novembre 1893 fils de Joseph MATHIEU \/ Henriette BEAUVAIS cultivateurs \u25d9 En 1914, \u00c9mile travaille dans le Rh\u00f4ne et y passe le conseil de r\u00e9vision. En 1920, il habite Lyon (69) 24, puis 28, rue d\u2019Ivry\u00a0; en ..<\/p>\n<div class=\"clear-fix\"><\/div>\n<p><a href=\"https:\/\/www.lesmaconsdelacreuse.fr\/annuaires\/lettre-m\/m_338\/\" title=\"Lire la suite...\">Lire la suite<\/a><\/p>\n","protected":false},"author":2,"featured_media":0,"comment_status":"closed","ping_status":"closed","sticky":false,"template":"","format":"standard","meta":{"_acf_changed":false,"_exactmetrics_skip_tracking":false,"_exactmetrics_sitenote_active":false,"_exactmetrics_sitenote_note":"","_exactmetrics_sitenote_category":0,"footnotes":""},"categories":[14],"tags":[],"class_list":["post-37290","post","type-post","status-publish","format-standard","hentry","category-lettre-m"],"acf":[],"_links":{"self":[{"href":"https:\/\/www.lesmaconsdelacreuse.fr\/annuaires\/wp-json\/wp\/v2\/posts\/37290","targetHints":{"allow":["GET"]}}],"collection":[{"href":"https:\/\/www.lesmaconsdelacreuse.fr\/annuaires\/wp-json\/wp\/v2\/posts"}],"about":[{"href":"https:\/\/www.lesmaconsdelacreuse.fr\/annuaires\/wp-json\/wp\/v2\/types\/post"}],"author":[{"embeddable":true,"href":"https:\/\/www.lesmaconsdelacreuse.fr\/annuaires\/wp-json\/wp\/v2\/users\/2"}],"replies":[{"embeddable":true,"href":"https:\/\/www.lesmaconsdelacreuse.fr\/annuaires\/wp-json\/wp\/v2\/comments?post=37290"}],"version-history":[{"count":0,"href":"https:\/\/www.lesmaconsdelacreuse.fr\/annuaires\/wp-json\/wp\/v2\/posts\/37290\/revisions"}],"wp:attachment":[{"href":"https:\/\/www.lesmaconsdelacreuse.fr\/annuaires\/wp-json\/wp\/v2\/media?parent=37290"}],"wp:term":[{"taxonomy":"category","embeddable":true,"href":"https:\/\/www.lesmaconsdelacreuse.fr\/annuaires\/wp-json\/wp\/v2\/categories?post=37290"},{"taxonomy":"post_tag","embeddable":true,"href":"https:\/\/www.lesmaconsdelacreuse.fr\/annuaires\/wp-json\/wp\/v2\/tags?post=37290"}],"curies":[{"name":"wp","href":"https:\/\/api.w.org\/{rel}","templated":true}]}}