{"id":37292,"date":"2019-08-04T17:23:10","date_gmt":"2019-08-04T15:23:10","guid":{"rendered":"http:\/\/lesmaconsdelacreuse.fr\/annuaire\/?p=37292"},"modified":"2020-01-20T11:07:27","modified_gmt":"2020-01-20T10:07:27","slug":"m_313","status":"publish","type":"post","link":"https:\/\/www.lesmaconsdelacreuse.fr\/annuaires\/lettre-m\/m_313\/","title":{"rendered":"MARVY Eug\u00e8ne (1852-1930)"},"content":{"rendered":"<p class=\"last-updated\"><strong>Mis \u00e0 jour le :<\/strong> 25\/04\/2026<\/p><h2 style=\"text-align: center;\"><strong>Eug\u00e8ne MARVY<\/strong><\/h2>\n<p style=\"text-align: center;\"><strong>1852 &#8211; 1930<\/strong><\/p>\n<p style=\"text-align: center;\"><img decoding=\"async\" title=\"\" src=\"https:\/\/lesmaconsdelacreuse.fr\/annuaire\/wp-content\/uploads\/2019\/08\/image1-1126.jpg\" alt=\"\" data-asset-id=\"37291\" data-source-id=\"i.0\" \/><\/p>\n<h4 style=\"text-align: center;\"><span style=\"color: #008000;\"><strong>ma\u00e7on <\/strong>et <strong>propri\u00e9taire cultivateur<\/strong><\/span><\/h4>\n<p style=\"text-align: center;\">n\u00e9 au bourg de Saint-Pierre-le-Bost<\/p>\n<p style=\"text-align: center;\">le 1er f\u00e9vrier 1852<\/p>\n<p style=\"text-align: center;\">fils de<\/p>\n<p style=\"text-align: center;\">Jean MARVY, <span style=\"color: #008000;\"><strong>ma\u00e7on <\/strong><\/span><strong>\/ <\/strong>Marguerite NARDONNET<\/p>\n<p style=\"text-align: center;\">propri\u00e9taires cultivateurs<\/p>\n<p style=\"text-align: center;\"><span style=\"color: #ffffff;\">\u25d9<\/span><\/p>\n<p><em>Eug\u00e8ne travaille d\u2019abord \u00e0 <\/em><span style=\"color: #0000ff;\"><strong>Lyon (69)<\/strong><\/span><em>.<\/em><\/p>\n<p><em> Il \u00e9pouse Ang\u00e9lique <\/em><strong>BOURDIER<\/strong><em>, cabareti\u00e8re,<\/em> <em>le 11 f\u00e9vrier <\/em><strong>1878<\/strong><em> \u00e0 Saint-Pierre (contrat Laville au Monteil-au-Vicomte). Ils habitent le bourg de Saint-Pierre. <\/em><\/p>\n<p><strong>En 1893<\/strong><em>, Eug\u00e8ne est \u00e0 <\/em><span style=\"color: #0000ff;\"><strong>Paris (75)<\/strong><\/span><em>, logeant 16, rue Lac\u00e9p\u00e8de.<\/em><\/p>\n<p><em>Les \u00e9poux d\u00e9c\u00e8dent au bourg de Saint-Pierre\u00a0:<\/em><\/p>\n<ul>\n<li><em>Eug\u00e8ne, le 6 octobre <\/em><strong>1930<\/strong><em><strong>,<\/strong> \u00e2g\u00e9 de 78 ans<\/em><\/li>\n<li><em>Ang\u00e9lique, le 10 mars <\/em><strong>1943<\/strong><em>, \u00e2g\u00e9e de 84 ans<\/em><\/li>\n<\/ul>\n","protected":false},"excerpt":{"rendered":"<p>Mis \u00e0 jour le : 25\/04\/2026Eug\u00e8ne MARVY 1852 &#8211; 1930 ma\u00e7on et propri\u00e9taire cultivateur n\u00e9 au bourg de Saint-Pierre-le-Bost le 1er f\u00e9vrier 1852 fils de Jean MARVY, ma\u00e7on \/ Marguerite NARDONNET propri\u00e9taires cultivateurs \u25d9 Eug\u00e8ne travaille d\u2019abord \u00e0 Lyon (69). Il \u00e9pouse Ang\u00e9lique BOURDIER, cabareti\u00e8re, le 11 f\u00e9vrier 1878 \u00e0 Saint-Pierre (contrat Laville au Monteil-au-Vicomte). ..<\/p>\n<div class=\"clear-fix\"><\/div>\n<p><a href=\"https:\/\/www.lesmaconsdelacreuse.fr\/annuaires\/lettre-m\/m_313\/\" title=\"Lire la suite...\">Lire la suite<\/a><\/p>\n","protected":false},"author":2,"featured_media":0,"comment_status":"closed","ping_status":"closed","sticky":false,"template":"","format":"standard","meta":{"_acf_changed":false,"_exactmetrics_skip_tracking":false,"_exactmetrics_sitenote_active":false,"_exactmetrics_sitenote_note":"","_exactmetrics_sitenote_category":0,"footnotes":""},"categories":[14],"tags":[],"class_list":["post-37292","post","type-post","status-publish","format-standard","hentry","category-lettre-m"],"acf":[],"_links":{"self":[{"href":"https:\/\/www.lesmaconsdelacreuse.fr\/annuaires\/wp-json\/wp\/v2\/posts\/37292","targetHints":{"allow":["GET"]}}],"collection":[{"href":"https:\/\/www.lesmaconsdelacreuse.fr\/annuaires\/wp-json\/wp\/v2\/posts"}],"about":[{"href":"https:\/\/www.lesmaconsdelacreuse.fr\/annuaires\/wp-json\/wp\/v2\/types\/post"}],"author":[{"embeddable":true,"href":"https:\/\/www.lesmaconsdelacreuse.fr\/annuaires\/wp-json\/wp\/v2\/users\/2"}],"replies":[{"embeddable":true,"href":"https:\/\/www.lesmaconsdelacreuse.fr\/annuaires\/wp-json\/wp\/v2\/comments?post=37292"}],"version-history":[{"count":0,"href":"https:\/\/www.lesmaconsdelacreuse.fr\/annuaires\/wp-json\/wp\/v2\/posts\/37292\/revisions"}],"wp:attachment":[{"href":"https:\/\/www.lesmaconsdelacreuse.fr\/annuaires\/wp-json\/wp\/v2\/media?parent=37292"}],"wp:term":[{"taxonomy":"category","embeddable":true,"href":"https:\/\/www.lesmaconsdelacreuse.fr\/annuaires\/wp-json\/wp\/v2\/categories?post=37292"},{"taxonomy":"post_tag","embeddable":true,"href":"https:\/\/www.lesmaconsdelacreuse.fr\/annuaires\/wp-json\/wp\/v2\/tags?post=37292"}],"curies":[{"name":"wp","href":"https:\/\/api.w.org\/{rel}","templated":true}]}}