{"id":37294,"date":"2019-08-04T17:23:10","date_gmt":"2019-08-04T15:23:10","guid":{"rendered":"http:\/\/lesmaconsdelacreuse.fr\/annuaire\/?p=37294"},"modified":"2021-06-06T14:08:15","modified_gmt":"2021-06-06T12:08:15","slug":"m_355","status":"publish","type":"post","link":"https:\/\/www.lesmaconsdelacreuse.fr\/annuaires\/lettre-m\/m_355\/","title":{"rendered":"MATHIVAUD Louis (1870\u20131920)"},"content":{"rendered":"<p class=\"last-updated\"><strong>Mis \u00e0 jour le :<\/strong> 25\/04\/2026<\/p><h2 style=\"text-align: center;\"><strong>Louis MATHIVAUD<\/strong><\/h2>\n<p style=\"text-align: center;\"><strong>1870 \u2013 1920<\/strong><\/p>\n<p style=\"text-align: center;\"><img decoding=\"async\" title=\"\" src=\"https:\/\/lesmaconsdelacreuse.fr\/annuaire\/wp-content\/uploads\/2019\/08\/image1-1127.jpg\" alt=\"\" data-asset-id=\"37293\" data-source-id=\"i.0\" \/><\/p>\n<h4 style=\"text-align: center;\"><span style=\"color: #008000;\"><strong>ma\u00e7on<\/strong><\/span><\/h4>\n<p>&nbsp;<\/p>\n<p style=\"text-align: center;\">n\u00e9 \u00e0 Lyon 6e<\/p>\n<p style=\"text-align: center;\">le 6 avril 1870<\/p>\n<p style=\"text-align: center;\">fils de<\/p>\n<p style=\"text-align: center;\">Joseph MATHIVAUD,\u00a0<strong>\u25ba\u00a0<\/strong><a href=\"https:\/\/www.lesmaconsdelacreuse.fr\/annuaires\/wp-content\/uploads\/2020\/07\/MA\u00ceTRE-MA\u00c7ON.png\" target=\"_blank\" rel=\"noopener noreferrer\"><strong><span style=\"color: #008000;\">ma\u00eetre ma\u00e7on<\/span><\/strong><\/a><\/p>\n<p style=\"text-align: center;\">Suzanne MATHIVAUD, cultivatrice<\/p>\n<p style=\"text-align: center;\"><span style=\"color: #ffffff;\">\u25d9<\/span><\/p>\n<p><strong>En 1891<\/strong><em>, Louis est dispens\u00e9 de service militaire, comme fils unique de veuve.<\/em><\/p>\n<p><em>Il \u00e9pouse Marie <\/em><strong>PAROT<\/strong><em> le 25 mars <\/em><strong>1893<\/strong><em> \u00e0 Saint-Moreil (contrat Tramonteil \u00e0 Peyrat-le-Ch\u00e2teau \u2013 87).<\/em><\/p>\n<p><strong>En 1894<\/strong>, <em>ils sont \u00e0 <\/em><span style=\"color: #0000ff;\"><strong>Lyon 2e<\/strong><\/span><em>, rue Vauban;<\/em><\/p>\n<p><strong>en 1896<\/strong>, \u00e0 <span style=\"color: #0000ff;\"><strong>Saint-Symphorien-d&rsquo;Ozon (69)<\/strong><\/span>;<\/p>\n<p><strong>en 1898<\/strong>, \u00e0 <span style=\"color: #0000ff;\"><strong>Saint-Fons (69)<\/strong><\/span>, 42, rue des \u00c9coles;<\/p>\n<p><strong>en 1906<\/strong><em>, de nouveau \u00e0 Lyon.<\/em><\/p>\n<p><em>Leurs quatre derniers enfants naissent \u00e0 Saint-Moreil, o\u00f9 ils habitent La Faurie, puis La Barde.<\/em><\/p>\n<p><em>A la recherche de son fils Henri d\u00e9c\u00e9d\u00e9 \u00e0 la guerre en 1918, Louis saute sur une mine le 1er d\u00e9cembre <\/em><strong>1920<\/strong><em>, \u00e0 Autr\u00e8ches dans l\u2019Oise. Il est \u00e2g\u00e9 de 50 ans.<\/em><\/p>\n<p><em>Sa veuve d\u00e9c\u00e8de \u00e0 Saint-Julien-le-Petit (87) le 6 novembre <\/em><strong>1956<\/strong><em>, \u00e2g\u00e9e de 90 ans.<\/em><\/p>\n<p>&nbsp;<\/p>\n","protected":false},"excerpt":{"rendered":"<p>Mis \u00e0 jour le : 25\/04\/2026Louis MATHIVAUD 1870 \u2013 1920 ma\u00e7on &nbsp; n\u00e9 \u00e0 Lyon 6e le 6 avril 1870 fils de Joseph MATHIVAUD,\u00a0\u25ba\u00a0ma\u00eetre ma\u00e7on Suzanne MATHIVAUD, cultivatrice \u25d9 En 1891, Louis est dispens\u00e9 de service militaire, comme fils unique de veuve. Il \u00e9pouse Marie PAROT le 25 mars 1893 \u00e0 Saint-Moreil (contrat Tramonteil \u00e0 ..<\/p>\n<div class=\"clear-fix\"><\/div>\n<p><a href=\"https:\/\/www.lesmaconsdelacreuse.fr\/annuaires\/lettre-m\/m_355\/\" title=\"Lire la suite...\">Lire la suite<\/a><\/p>\n","protected":false},"author":2,"featured_media":0,"comment_status":"closed","ping_status":"closed","sticky":false,"template":"","format":"standard","meta":{"_acf_changed":false,"_exactmetrics_skip_tracking":false,"_exactmetrics_sitenote_active":false,"_exactmetrics_sitenote_note":"","_exactmetrics_sitenote_category":0,"footnotes":""},"categories":[14],"tags":[],"class_list":["post-37294","post","type-post","status-publish","format-standard","hentry","category-lettre-m"],"acf":[],"_links":{"self":[{"href":"https:\/\/www.lesmaconsdelacreuse.fr\/annuaires\/wp-json\/wp\/v2\/posts\/37294","targetHints":{"allow":["GET"]}}],"collection":[{"href":"https:\/\/www.lesmaconsdelacreuse.fr\/annuaires\/wp-json\/wp\/v2\/posts"}],"about":[{"href":"https:\/\/www.lesmaconsdelacreuse.fr\/annuaires\/wp-json\/wp\/v2\/types\/post"}],"author":[{"embeddable":true,"href":"https:\/\/www.lesmaconsdelacreuse.fr\/annuaires\/wp-json\/wp\/v2\/users\/2"}],"replies":[{"embeddable":true,"href":"https:\/\/www.lesmaconsdelacreuse.fr\/annuaires\/wp-json\/wp\/v2\/comments?post=37294"}],"version-history":[{"count":2,"href":"https:\/\/www.lesmaconsdelacreuse.fr\/annuaires\/wp-json\/wp\/v2\/posts\/37294\/revisions"}],"predecessor-version":[{"id":189799,"href":"https:\/\/www.lesmaconsdelacreuse.fr\/annuaires\/wp-json\/wp\/v2\/posts\/37294\/revisions\/189799"}],"wp:attachment":[{"href":"https:\/\/www.lesmaconsdelacreuse.fr\/annuaires\/wp-json\/wp\/v2\/media?parent=37294"}],"wp:term":[{"taxonomy":"category","embeddable":true,"href":"https:\/\/www.lesmaconsdelacreuse.fr\/annuaires\/wp-json\/wp\/v2\/categories?post=37294"},{"taxonomy":"post_tag","embeddable":true,"href":"https:\/\/www.lesmaconsdelacreuse.fr\/annuaires\/wp-json\/wp\/v2\/tags?post=37294"}],"curies":[{"name":"wp","href":"https:\/\/api.w.org\/{rel}","templated":true}]}}