{"id":37298,"date":"2019-08-04T17:23:09","date_gmt":"2019-08-04T15:23:09","guid":{"rendered":"http:\/\/lesmaconsdelacreuse.fr\/annuaire\/?p=37298"},"modified":"2020-10-23T07:46:21","modified_gmt":"2020-10-23T05:46:21","slug":"m_303","status":"publish","type":"post","link":"https:\/\/www.lesmaconsdelacreuse.fr\/annuaires\/lettre-m\/m_303\/","title":{"rendered":"MARTINET L\u00e9onard (vers 1729\u2013apr\u00e8s 1778)"},"content":{"rendered":"<p class=\"last-updated\"><strong>Mis \u00e0 jour le :<\/strong> 25\/04\/2026<\/p><h2 style=\"text-align: center;\"><strong>L\u00e9onard MARTINET<\/strong><\/h2>\n<p style=\"text-align: center;\"><strong>vers 1729 \u2013 apr\u00e8s 1778<\/strong><\/p>\n<p style=\"text-align: center;\"><img decoding=\"async\" title=\"\" src=\"https:\/\/lesmaconsdelacreuse.fr\/annuaire\/wp-content\/uploads\/2019\/08\/image1-1129.jpg\" alt=\"\" data-asset-id=\"37297\" data-source-id=\"i.0\" \/><\/p>\n<h4 style=\"text-align: center;\"><span style=\"color: #008000;\"><strong>ma\u00e7on <\/strong><\/span>; <span style=\"color: #008000;\"><strong>laboureur <\/strong>et<\/span><strong>\u00a0<\/strong><strong>\u25ba<\/strong><strong><a href=\"https:\/\/www.lesmaconsdelacreuse.fr\/annuaires\/wp-content\/uploads\/2020\/08\/BORDIER.png\" target=\"_blank\" rel=\"noopener noreferrer\">bordier<\/a><\/strong><\/h4>\n<p>&nbsp;<\/p>\n<p style=\"text-align: center;\">n\u00e9 \u00e0 La Faye (Saint-Junien-la-Breg\u00e8re)\u00a0?<\/p>\n<p style=\"text-align: center;\">vers 1729<\/p>\n<p style=\"text-align: center;\">fils de<\/p>\n<p style=\"text-align: center;\">L\u00e9onard MARTINET \/ Marie MARTEAU<\/p>\n<p style=\"text-align: center;\"><span style=\"color: #ffffff;\">\u25d9<\/span><\/p>\n<p><em>L\u00e9onard \u00e9pouse Jeanne <\/em><strong>LEROUSSEAU<\/strong><em> le 18 f\u00e9vrier <\/em><strong>1744<\/strong><em> \u00e0 Saint-Martin-Ch\u00e2teau.<\/em><\/p>\n<p><em>Ils habitent La Faye.<\/em><\/p>\n<p><em> Jeanne y d\u00e9c\u00e8de le 17 mai <\/em><strong>1761<\/strong><em>, \u00e2g\u00e9e de 37 ans environ. <\/em><\/p>\n<p><em>L\u00e9onard se remarie le 11 janvier <\/em><strong>1762<\/strong><em> \u00e0 Saint-Junien avec Jeanne <\/em><strong>DUMONTEIL<\/strong><em>, veuve de Jean BOURUT, servante au \u25ba <a href=\"https:\/\/www.lesmaconsdelacreuse.fr\/annuaires\/wp-content\/uploads\/2019\/07\/CH\u00c2TEAU-DE-LA-GRI4C4CC38852452E6A7067.jpg\" target=\"_blank\" rel=\"noopener noreferrer\"><span style=\"color: #000000;\">ch\u00e2teau de La Grilli\u00e8re<\/span><\/a>. <\/em><\/p>\n<p>&nbsp;<\/p>\n","protected":false},"excerpt":{"rendered":"<p>Mis \u00e0 jour le : 25\/04\/2026L\u00e9onard MARTINET vers 1729 \u2013 apr\u00e8s 1778 ma\u00e7on ; laboureur et\u00a0\u25babordier &nbsp; n\u00e9 \u00e0 La Faye (Saint-Junien-la-Breg\u00e8re)\u00a0? vers 1729 fils de L\u00e9onard MARTINET \/ Marie MARTEAU \u25d9 L\u00e9onard \u00e9pouse Jeanne LEROUSSEAU le 18 f\u00e9vrier 1744 \u00e0 Saint-Martin-Ch\u00e2teau. Ils habitent La Faye. Jeanne y d\u00e9c\u00e8de le 17 mai 1761, \u00e2g\u00e9e de ..<\/p>\n<div class=\"clear-fix\"><\/div>\n<p><a href=\"https:\/\/www.lesmaconsdelacreuse.fr\/annuaires\/lettre-m\/m_303\/\" title=\"Lire la suite...\">Lire la suite<\/a><\/p>\n","protected":false},"author":2,"featured_media":0,"comment_status":"closed","ping_status":"closed","sticky":false,"template":"","format":"standard","meta":{"_acf_changed":false,"_exactmetrics_skip_tracking":false,"_exactmetrics_sitenote_active":false,"_exactmetrics_sitenote_note":"","_exactmetrics_sitenote_category":0,"footnotes":""},"categories":[14],"tags":[],"class_list":["post-37298","post","type-post","status-publish","format-standard","hentry","category-lettre-m"],"acf":[],"_links":{"self":[{"href":"https:\/\/www.lesmaconsdelacreuse.fr\/annuaires\/wp-json\/wp\/v2\/posts\/37298","targetHints":{"allow":["GET"]}}],"collection":[{"href":"https:\/\/www.lesmaconsdelacreuse.fr\/annuaires\/wp-json\/wp\/v2\/posts"}],"about":[{"href":"https:\/\/www.lesmaconsdelacreuse.fr\/annuaires\/wp-json\/wp\/v2\/types\/post"}],"author":[{"embeddable":true,"href":"https:\/\/www.lesmaconsdelacreuse.fr\/annuaires\/wp-json\/wp\/v2\/users\/2"}],"replies":[{"embeddable":true,"href":"https:\/\/www.lesmaconsdelacreuse.fr\/annuaires\/wp-json\/wp\/v2\/comments?post=37298"}],"version-history":[{"count":0,"href":"https:\/\/www.lesmaconsdelacreuse.fr\/annuaires\/wp-json\/wp\/v2\/posts\/37298\/revisions"}],"wp:attachment":[{"href":"https:\/\/www.lesmaconsdelacreuse.fr\/annuaires\/wp-json\/wp\/v2\/media?parent=37298"}],"wp:term":[{"taxonomy":"category","embeddable":true,"href":"https:\/\/www.lesmaconsdelacreuse.fr\/annuaires\/wp-json\/wp\/v2\/categories?post=37298"},{"taxonomy":"post_tag","embeddable":true,"href":"https:\/\/www.lesmaconsdelacreuse.fr\/annuaires\/wp-json\/wp\/v2\/tags?post=37298"}],"curies":[{"name":"wp","href":"https:\/\/api.w.org\/{rel}","templated":true}]}}