{"id":37299,"date":"2019-08-04T17:23:09","date_gmt":"2019-08-04T15:23:09","guid":{"rendered":"http:\/\/lesmaconsdelacreuse.fr\/annuaire\/?p=37299"},"modified":"2022-05-21T14:00:17","modified_gmt":"2022-05-21T12:00:17","slug":"m_329","status":"publish","type":"post","link":"https:\/\/www.lesmaconsdelacreuse.fr\/annuaires\/lettre-m\/m_329\/","title":{"rendered":"MASF\u00c9TY Joseph (1850\u2013apr\u00e8s 1882)"},"content":{"rendered":"<p class=\"last-updated\"><strong>Mis \u00e0 jour le :<\/strong> 25\/04\/2026<\/p><h2 style=\"text-align: center;\"><strong>Joseph MASF\u00c9TY<\/strong><\/h2>\n<p style=\"text-align: center;\"><strong>1850 \u2013 apr\u00e8s 1882<\/strong><\/p>\n<h4 style=\"text-align: center;\"><span style=\"color: #008000;\"><strong>ma\u00e7on<\/strong><\/span><\/h4>\n<p style=\"text-align: center;\">n\u00e9 \u00e0 Lacour (Montboucher)<\/p>\n<p style=\"text-align: center;\">le 9 janvier 1850<\/p>\n<p style=\"text-align: center;\">fils de<\/p>\n<p style=\"text-align: center;\">Gabriel MASF\u00c9TY \/ Jeanne GOUNY<\/p>\n<p style=\"text-align: center;\">cultivateurs<\/p>\n<p style=\"text-align: center;\"><span style=\"color: #ffffff;\">\u25d9<\/span><\/p>\n<p><strong>En 1870<\/strong><em>, Joseph habite Saint-Pierre-le-Bost avec ses parents.<\/em><\/p>\n<p><em>A une \u00e9poque de sa vie, il travaille \u00e0 <\/em><span style=\"color: #0000ff;\"><strong>Paris (75)<\/strong><\/span><em>, logeant 65, rue de la Montagne Sainte-Genevi\u00e8ve.<\/em><\/p>\n","protected":false},"excerpt":{"rendered":"<p>Mis \u00e0 jour le : 25\/04\/2026Joseph MASF\u00c9TY 1850 \u2013 apr\u00e8s 1882 ma\u00e7on n\u00e9 \u00e0 Lacour (Montboucher) le 9 janvier 1850 fils de Gabriel MASF\u00c9TY \/ Jeanne GOUNY cultivateurs \u25d9 En 1870, Joseph habite Saint-Pierre-le-Bost avec ses parents. A une \u00e9poque de sa vie, il travaille \u00e0 Paris (75), logeant 65, rue de la Montagne Sainte-G..<\/p>\n<div class=\"clear-fix\"><\/div>\n<p><a href=\"https:\/\/www.lesmaconsdelacreuse.fr\/annuaires\/lettre-m\/m_329\/\" title=\"Lire la suite...\">Lire la suite<\/a><\/p>\n","protected":false},"author":2,"featured_media":0,"comment_status":"closed","ping_status":"closed","sticky":false,"template":"","format":"standard","meta":{"_acf_changed":false,"_exactmetrics_skip_tracking":false,"_exactmetrics_sitenote_active":false,"_exactmetrics_sitenote_note":"","_exactmetrics_sitenote_category":0,"footnotes":""},"categories":[14],"tags":[],"class_list":["post-37299","post","type-post","status-publish","format-standard","hentry","category-lettre-m"],"acf":[],"_links":{"self":[{"href":"https:\/\/www.lesmaconsdelacreuse.fr\/annuaires\/wp-json\/wp\/v2\/posts\/37299","targetHints":{"allow":["GET"]}}],"collection":[{"href":"https:\/\/www.lesmaconsdelacreuse.fr\/annuaires\/wp-json\/wp\/v2\/posts"}],"about":[{"href":"https:\/\/www.lesmaconsdelacreuse.fr\/annuaires\/wp-json\/wp\/v2\/types\/post"}],"author":[{"embeddable":true,"href":"https:\/\/www.lesmaconsdelacreuse.fr\/annuaires\/wp-json\/wp\/v2\/users\/2"}],"replies":[{"embeddable":true,"href":"https:\/\/www.lesmaconsdelacreuse.fr\/annuaires\/wp-json\/wp\/v2\/comments?post=37299"}],"version-history":[{"count":1,"href":"https:\/\/www.lesmaconsdelacreuse.fr\/annuaires\/wp-json\/wp\/v2\/posts\/37299\/revisions"}],"predecessor-version":[{"id":199343,"href":"https:\/\/www.lesmaconsdelacreuse.fr\/annuaires\/wp-json\/wp\/v2\/posts\/37299\/revisions\/199343"}],"wp:attachment":[{"href":"https:\/\/www.lesmaconsdelacreuse.fr\/annuaires\/wp-json\/wp\/v2\/media?parent=37299"}],"wp:term":[{"taxonomy":"category","embeddable":true,"href":"https:\/\/www.lesmaconsdelacreuse.fr\/annuaires\/wp-json\/wp\/v2\/categories?post=37299"},{"taxonomy":"post_tag","embeddable":true,"href":"https:\/\/www.lesmaconsdelacreuse.fr\/annuaires\/wp-json\/wp\/v2\/tags?post=37299"}],"curies":[{"name":"wp","href":"https:\/\/api.w.org\/{rel}","templated":true}]}}