{"id":37301,"date":"2019-08-04T17:23:09","date_gmt":"2019-08-04T15:23:09","guid":{"rendered":"http:\/\/lesmaconsdelacreuse.fr\/annuaire\/?p=37301"},"modified":"2020-01-20T11:07:28","modified_gmt":"2020-01-20T10:07:28","slug":"m_300","status":"publish","type":"post","link":"https:\/\/www.lesmaconsdelacreuse.fr\/annuaires\/lettre-m\/m_300\/","title":{"rendered":"MARTINAUD L\u00e9onard Pierre (1848\u2013885)"},"content":{"rendered":"<p class=\"last-updated\"><strong>Mis \u00e0 jour le :<\/strong> 25\/04\/2026<\/p><h2 style=\"text-align: center;\"><strong>Pierre MARTINAUD<\/strong><\/h2>\n<p style=\"text-align: center;\"><strong>L\u00e9onard Pierre MARTINAUD<\/strong><\/p>\n<p style=\"text-align: center;\"><strong>1848 \u20131885<\/strong><\/p>\n<p style=\"text-align: center;\"><img decoding=\"async\" title=\"\" src=\"https:\/\/lesmaconsdelacreuse.fr\/annuaire\/wp-content\/uploads\/2019\/08\/image1-1130.jpg\" alt=\"\" data-asset-id=\"37300\" data-source-id=\"i.0\" \/><\/p>\n<h4 style=\"text-align: center;\"><strong><span style=\"color: #008000;\">ma\u00e7on<\/span> <\/strong><span style=\"color: #008000;\">et<strong> cultivateur<\/strong><\/span><\/h4>\n<p style=\"text-align: center;\">n\u00e9 \u00e0 Ch\u00e2tain (Le Monteil-au-Vicomte)<\/p>\n<p style=\"text-align: center;\">le 6 d\u00e9cembre 1848<\/p>\n<p style=\"text-align: center;\">fils de<\/p>\n<p style=\"text-align: center;\">L\u00e9onard MARTINAUD, <span style=\"color: #008000;\"><strong>ma\u00e7on<\/strong><\/span><\/p>\n<p style=\"text-align: center;\">Marguerite PATAUD, cultivatrice<\/p>\n<p style=\"text-align: center;\"><span style=\"color: #ffffff;\">\u25d9<\/span><\/p>\n<p><strong>En 1869<\/strong><em>, Pierre se pr\u00e9sente devant le conseil de r\u00e9vision avec une fracture \u00e0 la jambe droite. Il est exempt\u00e9 de service militaire pour faiblesse de complexion.<\/em><\/p>\n<p><em>Il \u00e9pouse Marie <\/em><strong>MANGON.<\/strong><\/p>\n<p><em>Marie d\u00e9c\u00e8de \u00e0 La Chaise, commune de Saint-Pardoux-Lavaud, le 28 d\u00e9cembre <\/em><strong>1880<\/strong>,<em> \u00e2g\u00e9e de 34 ans environ. <\/em><\/p>\n<p><em>Pierre se remarie le 6 mars <\/em><strong>1882<\/strong><em> \u00e0 Saint-Pardoux-Lavaud avec Marie <\/em><strong>GARRAUD<\/strong><em> (contrat Berger \u00e0 Bourganeuf). <\/em><\/p>\n<p><em>Il d\u00e9c\u00e8de \u00e0 La Parade, commune de Saint-Pierre-le-Bost, le 20 juillet <\/em><strong>1885<\/strong>,<em> \u00e2g\u00e9 de 36 ans.<\/em><\/p>\n","protected":false},"excerpt":{"rendered":"<p>Mis \u00e0 jour le : 25\/04\/2026Pierre MARTINAUD L\u00e9onard Pierre MARTINAUD 1848 \u20131885 ma\u00e7on et cultivateur n\u00e9 \u00e0 Ch\u00e2tain (Le Monteil-au-Vicomte) le 6 d\u00e9cembre 1848 fils de L\u00e9onard MARTINAUD, ma\u00e7on Marguerite PATAUD, cultivatrice \u25d9 En 1869, Pierre se pr\u00e9sente devant le conseil de r\u00e9vision avec une fracture \u00e0 la jambe droite. Il est exempt\u00e9 de service ..<\/p>\n<div class=\"clear-fix\"><\/div>\n<p><a href=\"https:\/\/www.lesmaconsdelacreuse.fr\/annuaires\/lettre-m\/m_300\/\" title=\"Lire la suite...\">Lire la suite<\/a><\/p>\n","protected":false},"author":2,"featured_media":0,"comment_status":"closed","ping_status":"closed","sticky":false,"template":"","format":"standard","meta":{"_acf_changed":false,"_exactmetrics_skip_tracking":false,"_exactmetrics_sitenote_active":false,"_exactmetrics_sitenote_note":"","_exactmetrics_sitenote_category":0,"footnotes":""},"categories":[14],"tags":[],"class_list":["post-37301","post","type-post","status-publish","format-standard","hentry","category-lettre-m"],"acf":[],"_links":{"self":[{"href":"https:\/\/www.lesmaconsdelacreuse.fr\/annuaires\/wp-json\/wp\/v2\/posts\/37301","targetHints":{"allow":["GET"]}}],"collection":[{"href":"https:\/\/www.lesmaconsdelacreuse.fr\/annuaires\/wp-json\/wp\/v2\/posts"}],"about":[{"href":"https:\/\/www.lesmaconsdelacreuse.fr\/annuaires\/wp-json\/wp\/v2\/types\/post"}],"author":[{"embeddable":true,"href":"https:\/\/www.lesmaconsdelacreuse.fr\/annuaires\/wp-json\/wp\/v2\/users\/2"}],"replies":[{"embeddable":true,"href":"https:\/\/www.lesmaconsdelacreuse.fr\/annuaires\/wp-json\/wp\/v2\/comments?post=37301"}],"version-history":[{"count":0,"href":"https:\/\/www.lesmaconsdelacreuse.fr\/annuaires\/wp-json\/wp\/v2\/posts\/37301\/revisions"}],"wp:attachment":[{"href":"https:\/\/www.lesmaconsdelacreuse.fr\/annuaires\/wp-json\/wp\/v2\/media?parent=37301"}],"wp:term":[{"taxonomy":"category","embeddable":true,"href":"https:\/\/www.lesmaconsdelacreuse.fr\/annuaires\/wp-json\/wp\/v2\/categories?post=37301"},{"taxonomy":"post_tag","embeddable":true,"href":"https:\/\/www.lesmaconsdelacreuse.fr\/annuaires\/wp-json\/wp\/v2\/tags?post=37301"}],"curies":[{"name":"wp","href":"https:\/\/api.w.org\/{rel}","templated":true}]}}