{"id":37303,"date":"2019-08-04T17:23:09","date_gmt":"2019-08-04T15:23:09","guid":{"rendered":"http:\/\/lesmaconsdelacreuse.fr\/annuaire\/?p=37303"},"modified":"2020-01-20T11:07:28","modified_gmt":"2020-01-20T10:07:28","slug":"m_370","status":"publish","type":"post","link":"https:\/\/www.lesmaconsdelacreuse.fr\/annuaires\/lettre-m\/m_370\/","title":{"rendered":"MAUMONT Antoine (1738-apr\u00e8s 1796)"},"content":{"rendered":"<p class=\"last-updated\"><strong>Mis \u00e0 jour le :<\/strong> 25\/04\/2026<\/p><h2 style=\"text-align: center;\"><strong>Antoine MAUMONT<\/strong><\/h2>\n<p style=\"text-align: center;\"><strong>1738 &#8211; apr\u00e8s 1796<\/strong><\/p>\n<p style=\"text-align: center;\"><img decoding=\"async\" title=\"\" src=\"https:\/\/lesmaconsdelacreuse.fr\/annuaire\/wp-content\/uploads\/2019\/08\/image1-1131.jpg\" alt=\"\" data-asset-id=\"37302\" data-source-id=\"i.0\" \/><\/p>\n<h4 style=\"text-align: center;\"><span style=\"color: #008000;\"><strong>ma\u00e7on <\/strong>et<strong> laboureur<\/strong><\/span><\/h4>\n<p style=\"text-align: center;\">n\u00e9 aux Granges (Saint-Julien-le-Petit)<\/p>\n<p style=\"text-align: center;\">le 27 ao\u00fbt 1738<\/p>\n<p style=\"text-align: center;\">fils de<\/p>\n<p style=\"text-align: center;\">Blaise MAUMONT \/ Marie PEYROT<\/p>\n<p style=\"text-align: center;\">laboureurs<\/p>\n<p style=\"text-align: center;\"><span style=\"color: #ffffff;\">\u25d9<\/span><\/p>\n<p><em>Antoine \u00e9pouse Catherine <\/em><strong>LEGROS<\/strong><em> le 4 f\u00e9vrier <\/em><strong>1762<\/strong> <em>\u00e0 Saint-Julien-le-Petit (87). Ils habitent d\u2019abord Pr\u00e9sench\u00e8re, paroisse de Charri\u00e8re.<\/em><\/p>\n<p><strong>En 1765<\/strong><em>, ils sont aux Granges, paroisse de Saint-Julien.<\/em><\/p>\n<p><em>Catherine d\u00e9c\u00e8de \u00e0 Pr\u00e9sench\u00e8re le 31 octobre <\/em><strong>1796<\/strong><em>, \u00e2g\u00e9e de 55 ans environ. <\/em><\/p>\n","protected":false},"excerpt":{"rendered":"<p>Mis \u00e0 jour le : 25\/04\/2026Antoine MAUMONT 1738 &#8211; apr\u00e8s 1796 ma\u00e7on et laboureur n\u00e9 aux Granges (Saint-Julien-le-Petit) le 27 ao\u00fbt 1738 fils de Blaise MAUMONT \/ Marie PEYROT laboureurs \u25d9 Antoine \u00e9pouse Catherine LEGROS le 4 f\u00e9vrier 1762 \u00e0 Saint-Julien-le-Petit (87). Ils habitent d\u2019abord Pr\u00e9sench\u00e8re, paroisse de Charri\u00e8re. En 1765, ils sont aux Granges, ..<\/p>\n<div class=\"clear-fix\"><\/div>\n<p><a href=\"https:\/\/www.lesmaconsdelacreuse.fr\/annuaires\/lettre-m\/m_370\/\" title=\"Lire la suite...\">Lire la suite<\/a><\/p>\n","protected":false},"author":2,"featured_media":0,"comment_status":"closed","ping_status":"closed","sticky":false,"template":"","format":"standard","meta":{"_acf_changed":false,"_exactmetrics_skip_tracking":false,"_exactmetrics_sitenote_active":false,"_exactmetrics_sitenote_note":"","_exactmetrics_sitenote_category":0,"footnotes":""},"categories":[14],"tags":[],"class_list":["post-37303","post","type-post","status-publish","format-standard","hentry","category-lettre-m"],"acf":[],"_links":{"self":[{"href":"https:\/\/www.lesmaconsdelacreuse.fr\/annuaires\/wp-json\/wp\/v2\/posts\/37303","targetHints":{"allow":["GET"]}}],"collection":[{"href":"https:\/\/www.lesmaconsdelacreuse.fr\/annuaires\/wp-json\/wp\/v2\/posts"}],"about":[{"href":"https:\/\/www.lesmaconsdelacreuse.fr\/annuaires\/wp-json\/wp\/v2\/types\/post"}],"author":[{"embeddable":true,"href":"https:\/\/www.lesmaconsdelacreuse.fr\/annuaires\/wp-json\/wp\/v2\/users\/2"}],"replies":[{"embeddable":true,"href":"https:\/\/www.lesmaconsdelacreuse.fr\/annuaires\/wp-json\/wp\/v2\/comments?post=37303"}],"version-history":[{"count":0,"href":"https:\/\/www.lesmaconsdelacreuse.fr\/annuaires\/wp-json\/wp\/v2\/posts\/37303\/revisions"}],"wp:attachment":[{"href":"https:\/\/www.lesmaconsdelacreuse.fr\/annuaires\/wp-json\/wp\/v2\/media?parent=37303"}],"wp:term":[{"taxonomy":"category","embeddable":true,"href":"https:\/\/www.lesmaconsdelacreuse.fr\/annuaires\/wp-json\/wp\/v2\/categories?post=37303"},{"taxonomy":"post_tag","embeddable":true,"href":"https:\/\/www.lesmaconsdelacreuse.fr\/annuaires\/wp-json\/wp\/v2\/tags?post=37303"}],"curies":[{"name":"wp","href":"https:\/\/api.w.org\/{rel}","templated":true}]}}