{"id":37308,"date":"2019-08-04T17:23:09","date_gmt":"2019-08-04T15:23:09","guid":{"rendered":"http:\/\/lesmaconsdelacreuse.fr\/annuaire\/?p=37308"},"modified":"2022-04-17T09:40:04","modified_gmt":"2022-04-17T07:40:04","slug":"m_325","status":"publish","type":"post","link":"https:\/\/www.lesmaconsdelacreuse.fr\/annuaires\/lettre-m\/m_325\/","title":{"rendered":"MASFAYOUX Joseph (1821\u2013apr\u00e8s 1883)"},"content":{"rendered":"<p class=\"last-updated\"><strong>Mis \u00e0 jour le :<\/strong> 25\/04\/2026<\/p><h2 style=\"text-align: center;\"><strong>Joseph MASFAYOUX<\/strong><\/h2>\n<p style=\"text-align: center;\"><strong>Joseph MASFAYOUX le jeune<\/strong><\/p>\n<p style=\"text-align: center;\"><strong>1821 \u2013 apr\u00e8s 1883<\/strong><\/p>\n<p style=\"text-align: center;\"><img decoding=\"async\" title=\"\" src=\"https:\/\/lesmaconsdelacreuse.fr\/annuaire\/wp-content\/uploads\/2019\/08\/image1-1132.jpg\" alt=\"\" data-asset-id=\"37305\" data-source-id=\"i.0\" \/><\/p>\n<h4 style=\"text-align: center;\"><span style=\"color: #008000;\"><strong>ma\u00e7on <\/strong>et<\/span><strong>\u00a0<em>\u25ba<a href=\"https:\/\/www.lesmaconsdelacreuse.fr\/annuaires\/wp-content\/uploads\/2020\/08\/LOGEUR-LOGEUSE.png\"><span style=\"color: #008000;\">logeur<\/span><\/a><\/em><\/strong><\/h4>\n<p>&nbsp;<\/p>\n<p style=\"text-align: center;\">n\u00e9 au bourg du Compeix<\/p>\n<p style=\"text-align: center;\">le 1er novembre 1821<\/p>\n<p style=\"text-align: center;\">fils de<\/p>\n<p style=\"text-align: center;\">Fran\u00e7ois MASFAYOUX, marchand \/ Catherine RENARD<\/p>\n<p style=\"text-align: center;\">propri\u00e9taires cultivateurs<\/p>\n<p style=\"text-align: center;\"><span style=\"color: #ffffff;\">\u25d9<\/span><\/p>\n<p><em>Joseph, <\/em><span style=\"color: #008000;\"><strong>ma\u00e7on<\/strong><\/span><em>, \u00e9pouse Jeanne <\/em><strong>LAGRANGE<\/strong><em>, tisserande, le 3 mars <\/em><strong>1851<\/strong><em> \u00e0 Saint-Pierre-le-Bost (contrat JB Junien Faure \u00e0 Saint-Martin-Ch\u00e2teau). Ils habitent La Chaise, commune de Saint-Pardoux.<\/em><\/p>\n<p><em> Jeanne y d\u00e9c\u00e8de le 24 ao\u00fbt <\/em><strong>1855<\/strong><em>, \u00e2g\u00e9e de 25 ans.<\/em><\/p>\n<p><em> Joseph se remarie le 8 mars <\/em><strong>1857<\/strong><em> \u00e0 Saint-Pardoux avec sa belle-s\u0153ur Anne <\/em><strong>LAGRANGE<\/strong><em> (mari\u00e9s sans contrat). <\/em><\/p>\n<p><strong>De 1865 \u00e0 1868<\/strong> <em>au moins, il est <\/em><span style=\"color: #008000;\"><strong>logeur<\/strong><\/span><em> \u00e0 <\/em><span style=\"color: #0000ff;\"><strong>Paris (75)<\/strong><\/span><em>, 51, rue Galande, dans le 5e arrondissement.<\/em><\/p>\n<p><strong>En 1881<\/strong><em>, il est veuf \u00e0 la m\u00eame adresse.<\/em><\/p>\n<p>&nbsp;<\/p>\n","protected":false},"excerpt":{"rendered":"<p>Mis \u00e0 jour le : 25\/04\/2026Joseph MASFAYOUX Joseph MASFAYOUX le jeune 1821 \u2013 apr\u00e8s 1883 ma\u00e7on et\u00a0\u25balogeur &nbsp; n\u00e9 au bourg du Compeix le 1er novembre 1821 fils de Fran\u00e7ois MASFAYOUX, marchand \/ Catherine RENARD propri\u00e9taires cultivateurs \u25d9 Joseph, ma\u00e7on, \u00e9pouse Jeanne LAGRANGE, tisserande, le 3 mars 1851 \u00e0 Saint-Pierre-le-Bost (contrat JB Junien Faure \u00e0 ..<\/p>\n<div class=\"clear-fix\"><\/div>\n<p><a href=\"https:\/\/www.lesmaconsdelacreuse.fr\/annuaires\/lettre-m\/m_325\/\" title=\"Lire la suite...\">Lire la suite<\/a><\/p>\n","protected":false},"author":2,"featured_media":0,"comment_status":"closed","ping_status":"closed","sticky":false,"template":"","format":"standard","meta":{"_acf_changed":false,"_exactmetrics_skip_tracking":false,"_exactmetrics_sitenote_active":false,"_exactmetrics_sitenote_note":"","_exactmetrics_sitenote_category":0,"footnotes":""},"categories":[14],"tags":[],"class_list":["post-37308","post","type-post","status-publish","format-standard","hentry","category-lettre-m"],"acf":[],"_links":{"self":[{"href":"https:\/\/www.lesmaconsdelacreuse.fr\/annuaires\/wp-json\/wp\/v2\/posts\/37308","targetHints":{"allow":["GET"]}}],"collection":[{"href":"https:\/\/www.lesmaconsdelacreuse.fr\/annuaires\/wp-json\/wp\/v2\/posts"}],"about":[{"href":"https:\/\/www.lesmaconsdelacreuse.fr\/annuaires\/wp-json\/wp\/v2\/types\/post"}],"author":[{"embeddable":true,"href":"https:\/\/www.lesmaconsdelacreuse.fr\/annuaires\/wp-json\/wp\/v2\/users\/2"}],"replies":[{"embeddable":true,"href":"https:\/\/www.lesmaconsdelacreuse.fr\/annuaires\/wp-json\/wp\/v2\/comments?post=37308"}],"version-history":[{"count":1,"href":"https:\/\/www.lesmaconsdelacreuse.fr\/annuaires\/wp-json\/wp\/v2\/posts\/37308\/revisions"}],"predecessor-version":[{"id":197817,"href":"https:\/\/www.lesmaconsdelacreuse.fr\/annuaires\/wp-json\/wp\/v2\/posts\/37308\/revisions\/197817"}],"wp:attachment":[{"href":"https:\/\/www.lesmaconsdelacreuse.fr\/annuaires\/wp-json\/wp\/v2\/media?parent=37308"}],"wp:term":[{"taxonomy":"category","embeddable":true,"href":"https:\/\/www.lesmaconsdelacreuse.fr\/annuaires\/wp-json\/wp\/v2\/categories?post=37308"},{"taxonomy":"post_tag","embeddable":true,"href":"https:\/\/www.lesmaconsdelacreuse.fr\/annuaires\/wp-json\/wp\/v2\/tags?post=37308"}],"curies":[{"name":"wp","href":"https:\/\/api.w.org\/{rel}","templated":true}]}}