{"id":37310,"date":"2019-08-04T17:23:09","date_gmt":"2019-08-04T15:23:09","guid":{"rendered":"http:\/\/lesmaconsdelacreuse.fr\/annuaire\/?p=37310"},"modified":"2020-01-20T11:07:28","modified_gmt":"2020-01-20T10:07:28","slug":"m_345","status":"publish","type":"post","link":"https:\/\/www.lesmaconsdelacreuse.fr\/annuaires\/lettre-m\/m_345\/","title":{"rendered":"MALTIEU L\u00e9onard (1816\u2013apr\u00e8s 1839)"},"content":{"rendered":"<p class=\"last-updated\"><strong>Mis \u00e0 jour le :<\/strong> 25\/04\/2026<\/p><h2 style=\"text-align: center;\"><strong>L\u00e9onard MALTIEU<\/strong><\/h2>\n<p style=\"text-align: center;\"><strong>1816 \u2013 apr\u00e8s 1839<\/strong><\/p>\n<h4 style=\"text-align: center;\"><span style=\"color: #008000;\"><strong>ma\u00e7on<\/strong><\/span><\/h4>\n<p style=\"text-align: center;\">n\u00e9 \u00e0 Rempnat (87)<\/p>\n<p style=\"text-align: center;\">le 28 d\u00e9cembre 1816, <em>selon le registre de recrutement cantonal<\/em><\/p>\n<p style=\"text-align: center;\">fils de<\/p>\n<p style=\"text-align: center;\">L\u00e9onard MALTIEU, mar\u00e9chal-ferrant<\/p>\n<p style=\"text-align: center;\">Toinette BOUCHEROUX, cultivatrice<\/p>\n<p style=\"text-align: center;\"><span style=\"color: #ffffff;\">\u25d9<\/span><\/p>\n<p><em>L\u00e9onard habite Roy\u00e8re avec ses parents. <\/em><\/p>\n<p><strong>En 1836<\/strong><em>, il travaille \u00e0 <\/em><span style=\"color: #0000ff;\"><strong>Lyon (69)<\/strong><\/span><em>. <\/em><\/p>\n<p><strong>En 1839<\/strong><em>, toujours \u00e0 Lyon, il loge 46, rue de l\u2019H\u00f4pital, logement Beaufort.<\/em><\/p>\n","protected":false},"excerpt":{"rendered":"<p>Mis \u00e0 jour le : 25\/04\/2026L\u00e9onard MALTIEU 1816 \u2013 apr\u00e8s 1839 ma\u00e7on n\u00e9 \u00e0 Rempnat (87) le 28 d\u00e9cembre 1816, selon le registre de recrutement cantonal fils de L\u00e9onard MALTIEU, mar\u00e9chal-ferrant Toinette BOUCHEROUX, cultivatrice \u25d9 L\u00e9onard habite Roy\u00e8re avec ses parents. En 1836, il travaille \u00e0 Lyon (69). En 1839, toujours \u00e0 Lyon, il loge ..<\/p>\n<div class=\"clear-fix\"><\/div>\n<p><a href=\"https:\/\/www.lesmaconsdelacreuse.fr\/annuaires\/lettre-m\/m_345\/\" title=\"Lire la suite...\">Lire la suite<\/a><\/p>\n","protected":false},"author":2,"featured_media":0,"comment_status":"closed","ping_status":"closed","sticky":false,"template":"","format":"standard","meta":{"_acf_changed":false,"_exactmetrics_skip_tracking":false,"_exactmetrics_sitenote_active":false,"_exactmetrics_sitenote_note":"","_exactmetrics_sitenote_category":0,"footnotes":""},"categories":[14],"tags":[],"class_list":["post-37310","post","type-post","status-publish","format-standard","hentry","category-lettre-m"],"acf":[],"_links":{"self":[{"href":"https:\/\/www.lesmaconsdelacreuse.fr\/annuaires\/wp-json\/wp\/v2\/posts\/37310","targetHints":{"allow":["GET"]}}],"collection":[{"href":"https:\/\/www.lesmaconsdelacreuse.fr\/annuaires\/wp-json\/wp\/v2\/posts"}],"about":[{"href":"https:\/\/www.lesmaconsdelacreuse.fr\/annuaires\/wp-json\/wp\/v2\/types\/post"}],"author":[{"embeddable":true,"href":"https:\/\/www.lesmaconsdelacreuse.fr\/annuaires\/wp-json\/wp\/v2\/users\/2"}],"replies":[{"embeddable":true,"href":"https:\/\/www.lesmaconsdelacreuse.fr\/annuaires\/wp-json\/wp\/v2\/comments?post=37310"}],"version-history":[{"count":0,"href":"https:\/\/www.lesmaconsdelacreuse.fr\/annuaires\/wp-json\/wp\/v2\/posts\/37310\/revisions"}],"wp:attachment":[{"href":"https:\/\/www.lesmaconsdelacreuse.fr\/annuaires\/wp-json\/wp\/v2\/media?parent=37310"}],"wp:term":[{"taxonomy":"category","embeddable":true,"href":"https:\/\/www.lesmaconsdelacreuse.fr\/annuaires\/wp-json\/wp\/v2\/categories?post=37310"},{"taxonomy":"post_tag","embeddable":true,"href":"https:\/\/www.lesmaconsdelacreuse.fr\/annuaires\/wp-json\/wp\/v2\/tags?post=37310"}],"curies":[{"name":"wp","href":"https:\/\/api.w.org\/{rel}","templated":true}]}}