{"id":37311,"date":"2019-08-04T17:23:09","date_gmt":"2019-08-04T15:23:09","guid":{"rendered":"http:\/\/lesmaconsdelacreuse.fr\/annuaire\/?p=37311"},"modified":"2020-10-03T14:26:19","modified_gmt":"2020-10-03T12:26:19","slug":"m_333","status":"publish","type":"post","link":"https:\/\/www.lesmaconsdelacreuse.fr\/annuaires\/lettre-m\/m_333\/","title":{"rendered":"MATHIAS Fran\u00e7ois (1884\u20131926)"},"content":{"rendered":"<p class=\"last-updated\"><strong>Mis \u00e0 jour le :<\/strong> 25\/04\/2026<\/p><h2 style=\"text-align: center;\"><strong>Fran\u00e7ois MATHIAS<\/strong><\/h2>\n<p style=\"text-align: center;\"><strong>1884 \u2013 1926<\/strong><\/p>\n<p style=\"text-align: center;\"><img decoding=\"async\" title=\"\" src=\"https:\/\/lesmaconsdelacreuse.fr\/annuaire\/wp-content\/uploads\/2019\/08\/image1-1133.jpg\" alt=\"\" data-asset-id=\"37309\" data-source-id=\"i.0\" \/><\/p>\n<h4 style=\"text-align: center;\"><strong> <em>\u25ba<\/em><a href=\"https:\/\/www.lesmaconsdelacreuse.fr\/annuaires\/wp-content\/uploads\/2020\/08\/CIMENTIER-APPLICATEUR-DE-CIMENT.png\" target=\"_blank\" rel=\"noopener noreferrer\"><span style=\"color: #008000;\">cimentier<\/span><\/a><\/strong> <span style=\"color: #008000;\">puis<\/span> <span style=\"color: #008000;\"><strong>entrepreneur en<\/strong> <strong>cimenterie<\/strong>; <strong>cultivateur<\/strong><\/span><\/h4>\n<p>&nbsp;<\/p>\n<p style=\"text-align: center;\">n\u00e9 au Mazet (Peyrat-le-Ch\u00e2teau &#8211; 87)<\/p>\n<p style=\"text-align: center;\">le 4 juillet 1884<\/p>\n<p style=\"text-align: center;\">fils de<\/p>\n<p style=\"text-align: center;\">Pierre MATHIAS, \u25ba<a href=\"https:\/\/www.lesmaconsdelacreuse.fr\/annuaires\/wp-content\/uploads\/2020\/08\/SCIEUR-DE-LONG.png\" target=\"_blank\" rel=\"noopener noreferrer\">scieur de long<\/a><\/p>\n<p style=\"text-align: center;\">Marie BOISDEL\u00c9TANG, cultivatrice<\/p>\n<p style=\"text-align: center;\"><span style=\"color: #ffffff;\">\u25d9<\/span><\/p>\n<p><strong>En 1905<\/strong>,<em> Fran\u00e7ois domicili\u00e9 \u00e0 Gioux, commune de Saint-Pierre-le-Bost, avec ses parents, travaille dans le <\/em><span style=\"color: #0000ff;\"><strong>Rh\u00f4ne<\/strong><\/span><em> et y passe le conseil de r\u00e9vision. Il est dispens\u00e9 de service militaire, comme a\u00een\u00e9 de 8 enfants.<\/em><\/p>\n<p><em>Il travaille \u00e0 <\/em><span style=\"color: #0000ff;\"><strong>Lyon (69)<\/strong><\/span><em>, et loge\u00a0:<\/em><\/p>\n<p><em>d\u2019abord, 83, rue de Bonnel, quartier de la Guilloti\u00e8re\u00a0; <\/em><\/p>\n<p><strong>en 1910<\/strong><em>, 212, rue Duguesclin\u00a0;<\/em><\/p>\n<p>\u25ba<a href=\"https:\/\/www.lesmaconsdelacreuse.fr\/annuaires\/\/wp-content\/uploads\/DOCUMENTS\/1912_-_Francois_MATHIAS_a_Lyon.pdf\" target=\"_blank\" rel=\"noopener noreferrer\"><span style=\"color: #000000;\"><strong>en 1912<\/strong><\/span><\/a> <strong><span style=\"color: #008000;\">cimentier<\/span>,<\/strong><em> au 200 de la m\u00eame rue.<\/em><\/p>\n<p><em>Il y \u00e9pouse Marie <\/em><strong>DUTREIX<\/strong><em>, cuisini\u00e8re, le 6 f\u00e9vrier de la m\u00eame ann\u00e9e. <\/em><\/p>\n<p><strong>De 1913 \u00e0 1921<\/strong> <em>au moins, les \u00e9poux habitent 21, place des Maisons Neuves \u00e0 <\/em><span style=\"color: #0000ff;\"><strong>Villeurbanne (69)<\/strong><\/span><em>. <\/em><\/p>\n<p><em>Fran\u00e7ois y d\u00e9c\u00e8de le 7 janvier <\/em><strong>1926<\/strong><em>, \u00e2g\u00e9 de 41 ans. <\/em><\/p>\n<p>&nbsp;<\/p>\n","protected":false},"excerpt":{"rendered":"<p>Mis \u00e0 jour le : 25\/04\/2026Fran\u00e7ois MATHIAS 1884 \u2013 1926 \u25bacimentier puis entrepreneur en cimenterie; cultivateur &nbsp; n\u00e9 au Mazet (Peyrat-le-Ch\u00e2teau &#8211; 87) le 4 juillet 1884 fils de Pierre MATHIAS, \u25bascieur de long Marie BOISDEL\u00c9TANG, cultivatrice \u25d9 En 1905, Fran\u00e7ois domicili\u00e9 \u00e0 Gioux, commune de Saint-Pierre-le-Bost, avec ses parents, travaille dans le Rh\u00f4ne et ..<\/p>\n<div class=\"clear-fix\"><\/div>\n<p><a href=\"https:\/\/www.lesmaconsdelacreuse.fr\/annuaires\/lettre-m\/m_333\/\" title=\"Lire la suite...\">Lire la suite<\/a><\/p>\n","protected":false},"author":2,"featured_media":0,"comment_status":"closed","ping_status":"closed","sticky":false,"template":"","format":"standard","meta":{"_acf_changed":false,"_exactmetrics_skip_tracking":false,"_exactmetrics_sitenote_active":false,"_exactmetrics_sitenote_note":"","_exactmetrics_sitenote_category":0,"footnotes":""},"categories":[14],"tags":[],"class_list":["post-37311","post","type-post","status-publish","format-standard","hentry","category-lettre-m"],"acf":[],"_links":{"self":[{"href":"https:\/\/www.lesmaconsdelacreuse.fr\/annuaires\/wp-json\/wp\/v2\/posts\/37311","targetHints":{"allow":["GET"]}}],"collection":[{"href":"https:\/\/www.lesmaconsdelacreuse.fr\/annuaires\/wp-json\/wp\/v2\/posts"}],"about":[{"href":"https:\/\/www.lesmaconsdelacreuse.fr\/annuaires\/wp-json\/wp\/v2\/types\/post"}],"author":[{"embeddable":true,"href":"https:\/\/www.lesmaconsdelacreuse.fr\/annuaires\/wp-json\/wp\/v2\/users\/2"}],"replies":[{"embeddable":true,"href":"https:\/\/www.lesmaconsdelacreuse.fr\/annuaires\/wp-json\/wp\/v2\/comments?post=37311"}],"version-history":[{"count":0,"href":"https:\/\/www.lesmaconsdelacreuse.fr\/annuaires\/wp-json\/wp\/v2\/posts\/37311\/revisions"}],"wp:attachment":[{"href":"https:\/\/www.lesmaconsdelacreuse.fr\/annuaires\/wp-json\/wp\/v2\/media?parent=37311"}],"wp:term":[{"taxonomy":"category","embeddable":true,"href":"https:\/\/www.lesmaconsdelacreuse.fr\/annuaires\/wp-json\/wp\/v2\/categories?post=37311"},{"taxonomy":"post_tag","embeddable":true,"href":"https:\/\/www.lesmaconsdelacreuse.fr\/annuaires\/wp-json\/wp\/v2\/tags?post=37311"}],"curies":[{"name":"wp","href":"https:\/\/api.w.org\/{rel}","templated":true}]}}