{"id":37317,"date":"2019-08-04T17:23:08","date_gmt":"2019-08-04T15:23:08","guid":{"rendered":"http:\/\/lesmaconsdelacreuse.fr\/annuaire\/?p=37317"},"modified":"2020-01-20T11:07:29","modified_gmt":"2020-01-20T10:07:29","slug":"m_328","status":"publish","type":"post","link":"https:\/\/www.lesmaconsdelacreuse.fr\/annuaires\/lettre-m\/m_328\/","title":{"rendered":"MASFAYOUX L\u00e9onard Louis (1840-1881)"},"content":{"rendered":"<p class=\"last-updated\"><strong>Mis \u00e0 jour le :<\/strong> 25\/04\/2026<\/p><h2 style=\"text-align: center;\"><strong>L\u00e9onard Louis MASFAYOUX<\/strong><\/h2>\n<p style=\"text-align: center;\"><strong>Louis MASFAYOUX<\/strong><\/p>\n<p style=\"text-align: center;\"><strong>1840 &#8211; 1881<\/strong><\/p>\n<p style=\"text-align: center;\"><img decoding=\"async\" title=\"\" src=\"https:\/\/lesmaconsdelacreuse.fr\/annuaire\/wp-content\/uploads\/2019\/08\/image1-1136.jpg\" alt=\"\" data-asset-id=\"37316\" data-source-id=\"i.0\" \/><\/p>\n<h4 style=\"text-align: center;\"><span style=\"color: #008000;\"><strong>ma\u00e7on<\/strong><\/span><\/h4>\n<p style=\"text-align: center;\">n\u00e9 \u00e0 La Parade (Saint-Pierre-le-Bost)<\/p>\n<p style=\"text-align: center;\">le 2 septembre 1840<\/p>\n<p style=\"text-align: center;\">fils de<\/p>\n<p style=\"text-align: center;\">Antoine MASFAYOUX,<span style=\"color: #008000;\"><strong> ma\u00e7on<\/strong><\/span><\/p>\n<p style=\"text-align: center;\">Marguerite AUPHELLE, cultivatrice<\/p>\n<p style=\"text-align: center;\"><span style=\"color: #ffffff;\">\u25d9<\/span><\/p>\n<p><strong>En 1861<\/strong><em>, Louis travaille dans la <\/em><span style=\"color: #0000ff;\"><strong>Seine (75)<\/strong><\/span><em> et y passe le conseil de r\u00e9vision.<\/em><\/p>\n<p><em> Il \u00e9pouse Th\u00e9r\u00e8se <\/em><strong>LECLAIR<\/strong><em> le 2 mars <\/em><strong>1863<\/strong> <em>\u00e0 Saint-Pierre-le-Bost (contrat Berger \u00e0 Bourganeuf). <\/em><\/p>\n<p><strong>En 1874<\/strong><em>, il travaille \u00e0 <\/em><span style=\"color: #0000ff;\"><strong>Clichy (92)<\/strong><\/span><em>;<\/em><\/p>\n<p><strong>en 1880<\/strong><em>, il habite 34, rue des Cailloux.<\/em><\/p>\n<p><em>Les \u00e9poux d\u00e9c\u00e8dent\u00a0:<\/em><\/p>\n<ul>\n<li><em>Louis, le 28 ao\u00fbt <\/em><strong>1881<\/strong><em>, \u00e0 Saint-Pierre, \u00e2g\u00e9 de 40 ans<\/em><\/li>\n<li><em>Th\u00e9r\u00e8se, le 18 d\u00e9cembre <\/em><strong>1928<\/strong><em> au Monteil-au-Vicomte, \u00e2g\u00e9e de 87 ans<\/em><\/li>\n<\/ul>\n<p>&nbsp;<\/p>\n","protected":false},"excerpt":{"rendered":"<p>Mis \u00e0 jour le : 25\/04\/2026L\u00e9onard Louis MASFAYOUX Louis MASFAYOUX 1840 &#8211; 1881 ma\u00e7on n\u00e9 \u00e0 La Parade (Saint-Pierre-le-Bost) le 2 septembre 1840 fils de Antoine MASFAYOUX, ma\u00e7on Marguerite AUPHELLE, cultivatrice \u25d9 En 1861, Louis travaille dans la Seine (75) et y passe le conseil de r\u00e9vision. Il \u00e9pouse Th\u00e9r\u00e8se LECLAIR le 2 mars 1863 ..<\/p>\n<div class=\"clear-fix\"><\/div>\n<p><a href=\"https:\/\/www.lesmaconsdelacreuse.fr\/annuaires\/lettre-m\/m_328\/\" title=\"Lire la suite...\">Lire la suite<\/a><\/p>\n","protected":false},"author":2,"featured_media":0,"comment_status":"closed","ping_status":"closed","sticky":false,"template":"","format":"standard","meta":{"_acf_changed":false,"_exactmetrics_skip_tracking":false,"_exactmetrics_sitenote_active":false,"_exactmetrics_sitenote_note":"","_exactmetrics_sitenote_category":0,"footnotes":""},"categories":[14],"tags":[],"class_list":["post-37317","post","type-post","status-publish","format-standard","hentry","category-lettre-m"],"acf":[],"_links":{"self":[{"href":"https:\/\/www.lesmaconsdelacreuse.fr\/annuaires\/wp-json\/wp\/v2\/posts\/37317","targetHints":{"allow":["GET"]}}],"collection":[{"href":"https:\/\/www.lesmaconsdelacreuse.fr\/annuaires\/wp-json\/wp\/v2\/posts"}],"about":[{"href":"https:\/\/www.lesmaconsdelacreuse.fr\/annuaires\/wp-json\/wp\/v2\/types\/post"}],"author":[{"embeddable":true,"href":"https:\/\/www.lesmaconsdelacreuse.fr\/annuaires\/wp-json\/wp\/v2\/users\/2"}],"replies":[{"embeddable":true,"href":"https:\/\/www.lesmaconsdelacreuse.fr\/annuaires\/wp-json\/wp\/v2\/comments?post=37317"}],"version-history":[{"count":0,"href":"https:\/\/www.lesmaconsdelacreuse.fr\/annuaires\/wp-json\/wp\/v2\/posts\/37317\/revisions"}],"wp:attachment":[{"href":"https:\/\/www.lesmaconsdelacreuse.fr\/annuaires\/wp-json\/wp\/v2\/media?parent=37317"}],"wp:term":[{"taxonomy":"category","embeddable":true,"href":"https:\/\/www.lesmaconsdelacreuse.fr\/annuaires\/wp-json\/wp\/v2\/categories?post=37317"},{"taxonomy":"post_tag","embeddable":true,"href":"https:\/\/www.lesmaconsdelacreuse.fr\/annuaires\/wp-json\/wp\/v2\/tags?post=37317"}],"curies":[{"name":"wp","href":"https:\/\/api.w.org\/{rel}","templated":true}]}}