{"id":37322,"date":"2019-08-04T17:23:08","date_gmt":"2019-08-04T15:23:08","guid":{"rendered":"http:\/\/lesmaconsdelacreuse.fr\/annuaire\/?p=37322"},"modified":"2020-10-12T15:53:21","modified_gmt":"2020-10-12T13:53:21","slug":"m_292","status":"publish","type":"post","link":"https:\/\/www.lesmaconsdelacreuse.fr\/annuaires\/lettre-m\/m_292\/","title":{"rendered":"MARTINAUD L\u00e9onard (1865-1921)"},"content":{"rendered":"<p class=\"last-updated\"><strong>Mis \u00e0 jour le :<\/strong> 25\/04\/2026<\/p><h2 style=\"text-align: center;\"><strong>L\u00e9onard MARTINAUD<\/strong><\/h2>\n<p style=\"text-align: center;\"><strong>1865 &#8211; 1921<\/strong><\/p>\n<p style=\"text-align: center;\"><img decoding=\"async\" title=\"\" src=\"https:\/\/lesmaconsdelacreuse.fr\/annuaire\/wp-content\/uploads\/2019\/08\/image1-1137.jpg\" alt=\"\" data-asset-id=\"37321\" data-source-id=\"i.0\" \/><\/p>\n<h4 style=\"text-align: center;\"><strong>\u25ba\u00a0<a href=\"https:\/\/www.lesmaconsdelacreuse.fr\/annuaires\/wp-content\/uploads\/2020\/07\/MA\u00ceTRE-MA\u00c7ON.png\" target=\"_blank\" rel=\"noopener noreferrer\"><span style=\"color: #008000;\">ma\u00eetre ma\u00e7on<\/span><\/a>\u00a0<\/strong><span style=\"color: #008000;\">et <strong><em>\u25ba<span style=\"color: #008000;\"><a style=\"color: #008000;\" href=\"https:\/\/www.lesmaconsdelacreuse.fr\/annuaires\/wp-content\/uploads\/2020\/08\/LOGEUR-LOGEUSE.png\">logeur <\/a><\/span><\/em><\/strong><\/span>;<br \/>\n<span style=\"color: #008000;\"><strong>lieutenant des sapeurs pompiers<\/strong><\/span><\/h4>\n<p>&nbsp;<\/p>\n<p style=\"text-align: center;\">n\u00e9 aux Bordes (Roy\u00e8re)<\/p>\n<p style=\"text-align: center;\">le 2 octobre 1865<\/p>\n<p style=\"text-align: center;\">fils de<\/p>\n<p style=\"text-align: center;\">Fran\u00e7ois MARTINAUD, <span style=\"color: #008000;\"><strong>ma\u00e7on <span style=\"color: #008000;\">\/ <\/span><\/strong><\/span>Jeanne LELARGE<\/p>\n<p style=\"text-align: center;\">propri\u00e9taires cultivateurs<\/p>\n<p style=\"text-align: center;\"><span style=\"color: #ffffff;\">\u25d9<\/span><\/p>\n<p><strong>En 1891<\/strong><em>, \u25ba<a href=\"https:\/\/www.lesmaconsdelacreuse.fr\/annuaires\/wp-content\/uploads\/2019\/08\/MARTINAUD-L\u00e9onard.jpg\" target=\"_blank\" rel=\"noopener noreferrer\">L\u00e9onard<\/a><a href=\"https:\/\/www.lesmaconsdelacreuse.fr\/annuaires\/\/wp-content\/uploads\/PHOTOS_-_CARTES_POSTALES\/MARTINAUD_Leonard.jpg\" target=\"_blank\" rel=\"noopener noreferrer\">,<\/a> <\/em><span style=\"color: #008000;\"><strong>ma\u00e7on<\/strong><\/span><em>, travaille \u00e0 <\/em><span style=\"color: #0000ff;\"><strong>Taluyers (69)<\/strong><\/span><em>.<\/em><\/p>\n<p><em> Il \u00e9pouse Marie C\u00e9line <\/em><strong>LESTRADE<\/strong><em> \u00e0 Roy\u00e8re le 6 f\u00e9vrier <\/em><strong>1892<\/strong><em> (contrat Toumieux). <\/em><\/p>\n<p><strong>D\u00e8s 1893<\/strong><em>, ils habitent Sourzy, commune de <\/em><span style=\"color: #0000ff;\"><strong>Montagny (69)<\/strong><\/span><em>. <\/em><\/p>\n<p><a href=\"https:\/\/www.lesmaconsdelacreuse.fr\/annuaires\/wp-content\/uploads\/2019\/08\/1896-L\u00e9onard-MARTINAUD-logeur-\u00e0-Montagny-scaled.jpg\" target=\"_blank\" rel=\"noopener noreferrer\"><span style=\"color: #000000;\"><strong><em>\u25ba<\/em>En 1896<\/strong><\/span><\/a><em>, L\u00e9onard y est <\/em><span style=\"color: #008000;\"><strong>logeur <\/strong><\/span><em>et <\/em><span style=\"color: #008000;\"><strong>ma\u00eetre ma\u00e7on<\/strong><\/span><em>.<\/em><\/p>\n<p><a href=\"https:\/\/www.lesmaconsdelacreuse.fr\/annuaires\/wp-content\/uploads\/2019\/08\/MONTAGNY-SOURZY-construction-de-l\u00e9glise-nouvelle.jpg\" target=\"_blank\" rel=\"noopener noreferrer\"><span style=\"color: #000000;\"><strong><em>\u25ba<\/em>En 1911<\/strong><\/span><\/a><em>, le 15 f\u00e9vrier, son entreprise commence la construction de la nouvelle \u00e9glise de \u25ba<a href=\"https:\/\/www.lesmaconsdelacreuse.fr\/annuaires\/wp-content\/uploads\/2019\/08\/MONTAGNY-SOURZY-la-nouvelle-\u00e9glise.jpg\" target=\"_blank\" rel=\"noopener noreferrer\">Montagny-Sourzy<\/a>. \u25ba<a href=\"https:\/\/www.lesmaconsdelacreuse.fr\/annuaires\/wp-content\/uploads\/2019\/08\/MONTAGNY-SOURZY-Projet-pour-l\u00e9glise.gif\" target=\"_blank\" rel=\"noopener noreferrer\">Un projet<\/a> en a \u00e9t\u00e9 retrouv\u00e9 dans les archives de l\u2019entreprise. Ce n\u2019est qu\u2019en <\/em>\u25ba<a href=\"https:\/\/www.lesmaconsdelacreuse.fr\/annuaires\/wp-content\/uploads\/2019\/08\/1981-Un-toit-pour-le-clocher-de-l\u00e9glise-neuve-de-Montagny.pdf\" target=\"_blank\" rel=\"noopener noreferrer\">1981<\/a><em> que le clocher recevra son toit.<\/em><\/p>\n<p><em>L\u00e9onard d\u00e9c\u00e8de \u00e0 Montagny le 25 janvier <\/em><strong>1921<\/strong><em>, \u00e2g\u00e9 de 55 ans.\u25ba <a href=\"https:\/\/www.lesmaconsdelacreuse.fr\/annuaires\/wp-content\/uploads\/2019\/08\/1921-Succession-de-L\u00e9onard-MARTINAUD--scaled.jpg\">Sa veuve<\/a> lui succ\u00e8de \u00e0 la t\u00eate de l\u2019entreprise.<\/em><\/p>\n<p><em>Elle d\u00e9c\u00e8de aussi \u00e0 Montagny, le 27 ao\u00fbt <\/em>1958<em>, \u00e2g\u00e9e de 88 ans<\/em><\/p>\n<p><em> Quatre de leurs fils seront entrepreneurs dans le Rh\u00f4ne\u00a0: Albert \u00e0 Montagny, Pierre \u00e0 Mornant, Auguste aux Ch\u00e8res et Marcel \u00e0 Chassagny.<\/em><\/p>\n<p>&nbsp;<\/p>\n<p>&nbsp;<\/p>\n","protected":false},"excerpt":{"rendered":"<p>Mis \u00e0 jour le : 25\/04\/2026L\u00e9onard MARTINAUD 1865 &#8211; 1921 \u25ba\u00a0ma\u00eetre ma\u00e7on\u00a0et \u25balogeur ; lieutenant des sapeurs pompiers &nbsp; n\u00e9 aux Bordes (Roy\u00e8re) le 2 octobre 1865 fils de Fran\u00e7ois MARTINAUD, ma\u00e7on \/ Jeanne LELARGE propri\u00e9taires cultivateurs \u25d9 En 1891, \u25baL\u00e9onard, ma\u00e7on, travaille \u00e0 Taluyers (69). Il \u00e9pouse Marie C\u00e9line LESTRADE \u00e0 Roy\u00e8re le 6 ..<\/p>\n<div class=\"clear-fix\"><\/div>\n<p><a href=\"https:\/\/www.lesmaconsdelacreuse.fr\/annuaires\/lettre-m\/m_292\/\" title=\"Lire la suite...\">Lire la suite<\/a><\/p>\n","protected":false},"author":2,"featured_media":0,"comment_status":"closed","ping_status":"closed","sticky":false,"template":"","format":"standard","meta":{"_acf_changed":false,"_exactmetrics_skip_tracking":false,"_exactmetrics_sitenote_active":false,"_exactmetrics_sitenote_note":"","_exactmetrics_sitenote_category":0,"footnotes":""},"categories":[14],"tags":[],"class_list":["post-37322","post","type-post","status-publish","format-standard","hentry","category-lettre-m"],"acf":[],"_links":{"self":[{"href":"https:\/\/www.lesmaconsdelacreuse.fr\/annuaires\/wp-json\/wp\/v2\/posts\/37322","targetHints":{"allow":["GET"]}}],"collection":[{"href":"https:\/\/www.lesmaconsdelacreuse.fr\/annuaires\/wp-json\/wp\/v2\/posts"}],"about":[{"href":"https:\/\/www.lesmaconsdelacreuse.fr\/annuaires\/wp-json\/wp\/v2\/types\/post"}],"author":[{"embeddable":true,"href":"https:\/\/www.lesmaconsdelacreuse.fr\/annuaires\/wp-json\/wp\/v2\/users\/2"}],"replies":[{"embeddable":true,"href":"https:\/\/www.lesmaconsdelacreuse.fr\/annuaires\/wp-json\/wp\/v2\/comments?post=37322"}],"version-history":[{"count":0,"href":"https:\/\/www.lesmaconsdelacreuse.fr\/annuaires\/wp-json\/wp\/v2\/posts\/37322\/revisions"}],"wp:attachment":[{"href":"https:\/\/www.lesmaconsdelacreuse.fr\/annuaires\/wp-json\/wp\/v2\/media?parent=37322"}],"wp:term":[{"taxonomy":"category","embeddable":true,"href":"https:\/\/www.lesmaconsdelacreuse.fr\/annuaires\/wp-json\/wp\/v2\/categories?post=37322"},{"taxonomy":"post_tag","embeddable":true,"href":"https:\/\/www.lesmaconsdelacreuse.fr\/annuaires\/wp-json\/wp\/v2\/tags?post=37322"}],"curies":[{"name":"wp","href":"https:\/\/api.w.org\/{rel}","templated":true}]}}