{"id":37333,"date":"2019-08-04T17:23:07","date_gmt":"2019-08-04T15:23:07","guid":{"rendered":"http:\/\/lesmaconsdelacreuse.fr\/annuaire\/?p=37333"},"modified":"2020-01-20T11:07:30","modified_gmt":"2020-01-20T10:07:30","slug":"m_255","status":"publish","type":"post","link":"https:\/\/www.lesmaconsdelacreuse.fr\/annuaires\/lettre-m\/m_255\/","title":{"rendered":"MARTINAUD Fran\u00e7ois (1848-1915)"},"content":{"rendered":"<p class=\"last-updated\"><strong>Mis \u00e0 jour le :<\/strong> 25\/04\/2026<\/p><h2 style=\"text-align: center;\"><strong>Fran\u00e7ois MARTINAUD<\/strong><\/h2>\n<p style=\"text-align: center;\"><strong>1848 &#8211; 1915<\/strong><\/p>\n<p style=\"text-align: center;\"><img decoding=\"async\" title=\"\" src=\"https:\/\/lesmaconsdelacreuse.fr\/annuaire\/wp-content\/uploads\/2019\/08\/image1-1141.jpg\" alt=\"\" data-asset-id=\"37331\" data-source-id=\"i.0\" \/><\/p>\n<h4 style=\"text-align: center;\"><span style=\"color: #008000;\"><strong>ma\u00e7on <\/strong>et<strong> cultivateur<\/strong><\/span><\/h4>\n<p style=\"text-align: center;\">n\u00e9 au Masfaure (Saint-Martin-Ch\u00e2teau)<\/p>\n<p style=\"text-align: center;\">le 3 octobre 1848<\/p>\n<p style=\"text-align: center;\">fils de<\/p>\n<p style=\"text-align: center;\">L\u00e9onard MARTINAUD \/ Marie BARJONNET<\/p>\n<p style=\"text-align: center;\">cultivateurs<\/p>\n<p style=\"text-align: center;\"><span style=\"color: #ffffff;\">\u25d9<\/span><\/p>\n<p><em>Fran\u00e7ois \u00e9pouse Marie <\/em><strong>REDONDEAU<\/strong><em> le 22 janvier <\/em><strong>1874<\/strong><em> \u00e0 Saint-Martin-Ch\u00e2teau (contrat Magadoux). <\/em><\/p>\n<p><strong>En 1876<\/strong><em>, Ils habitent 20, rue d\u2019 Aguesseau, <\/em><span style=\"color: #0000ff;\"><strong>Lyon (69)<\/strong><\/span><em> 3e arrondissement.<\/em><\/p>\n<p><em>Ils d\u00e9c\u00e8dent\u00a0:<\/em><\/p>\n<ul>\n<li><em>Fran\u00e7ois, \u00e0 La Seauve, commune de Saint-Martin-Ch\u00e2teau, le 22 d\u00e9cembre <\/em><strong>1915<\/strong><em>, \u00e2g\u00e9 de 67 ans<\/em><\/li>\n<li><em>Marie, au Picq, commune de Roy\u00e8re, le 3 juin <\/em><strong>1921<\/strong>,<em> \u00e2g\u00e9e de 64 ans<\/em><\/li>\n<\/ul>\n","protected":false},"excerpt":{"rendered":"<p>Mis \u00e0 jour le : 25\/04\/2026Fran\u00e7ois MARTINAUD 1848 &#8211; 1915 ma\u00e7on et cultivateur n\u00e9 au Masfaure (Saint-Martin-Ch\u00e2teau) le 3 octobre 1848 fils de L\u00e9onard MARTINAUD \/ Marie BARJONNET cultivateurs \u25d9 Fran\u00e7ois \u00e9pouse Marie REDONDEAU le 22 janvier 1874 \u00e0 Saint-Martin-Ch\u00e2teau (contrat Magadoux). En 1876, Ils habitent 20, rue d\u2019 Aguesseau, Lyon (69) 3e arrondissement. Ils ..<\/p>\n<div class=\"clear-fix\"><\/div>\n<p><a href=\"https:\/\/www.lesmaconsdelacreuse.fr\/annuaires\/lettre-m\/m_255\/\" title=\"Lire la suite...\">Lire la suite<\/a><\/p>\n","protected":false},"author":2,"featured_media":0,"comment_status":"closed","ping_status":"closed","sticky":false,"template":"","format":"standard","meta":{"_acf_changed":false,"_exactmetrics_skip_tracking":false,"_exactmetrics_sitenote_active":false,"_exactmetrics_sitenote_note":"","_exactmetrics_sitenote_category":0,"footnotes":""},"categories":[14],"tags":[],"class_list":["post-37333","post","type-post","status-publish","format-standard","hentry","category-lettre-m"],"acf":[],"_links":{"self":[{"href":"https:\/\/www.lesmaconsdelacreuse.fr\/annuaires\/wp-json\/wp\/v2\/posts\/37333","targetHints":{"allow":["GET"]}}],"collection":[{"href":"https:\/\/www.lesmaconsdelacreuse.fr\/annuaires\/wp-json\/wp\/v2\/posts"}],"about":[{"href":"https:\/\/www.lesmaconsdelacreuse.fr\/annuaires\/wp-json\/wp\/v2\/types\/post"}],"author":[{"embeddable":true,"href":"https:\/\/www.lesmaconsdelacreuse.fr\/annuaires\/wp-json\/wp\/v2\/users\/2"}],"replies":[{"embeddable":true,"href":"https:\/\/www.lesmaconsdelacreuse.fr\/annuaires\/wp-json\/wp\/v2\/comments?post=37333"}],"version-history":[{"count":0,"href":"https:\/\/www.lesmaconsdelacreuse.fr\/annuaires\/wp-json\/wp\/v2\/posts\/37333\/revisions"}],"wp:attachment":[{"href":"https:\/\/www.lesmaconsdelacreuse.fr\/annuaires\/wp-json\/wp\/v2\/media?parent=37333"}],"wp:term":[{"taxonomy":"category","embeddable":true,"href":"https:\/\/www.lesmaconsdelacreuse.fr\/annuaires\/wp-json\/wp\/v2\/categories?post=37333"},{"taxonomy":"post_tag","embeddable":true,"href":"https:\/\/www.lesmaconsdelacreuse.fr\/annuaires\/wp-json\/wp\/v2\/tags?post=37333"}],"curies":[{"name":"wp","href":"https:\/\/api.w.org\/{rel}","templated":true}]}}