{"id":37335,"date":"2019-08-04T17:23:07","date_gmt":"2019-08-04T15:23:07","guid":{"rendered":"http:\/\/lesmaconsdelacreuse.fr\/annuaire\/?p=37335"},"modified":"2020-01-20T11:07:30","modified_gmt":"2020-01-20T10:07:30","slug":"m_257","status":"publish","type":"post","link":"https:\/\/www.lesmaconsdelacreuse.fr\/annuaires\/lettre-m\/m_257\/","title":{"rendered":"MARTINAUD Fran\u00e7ois (1885-1958)"},"content":{"rendered":"<p class=\"last-updated\"><strong>Mis \u00e0 jour le :<\/strong> 25\/04\/2026<\/p><h2 style=\"text-align: center;\"><strong>Fran\u00e7ois MARTINAUD<\/strong><\/h2>\n<p style=\"text-align: center;\"><strong>1885 &#8211; 1958<\/strong><\/p>\n<h4 style=\"text-align: center;\"><span style=\"color: #008000;\"><strong>ma\u00e7on<\/strong><\/span><\/h4>\n<p style=\"text-align: center;\">n\u00e9 \u00e0 Larfouill\u00e8re (Roy\u00e8re)<\/p>\n<p style=\"text-align: center;\">le 30 octobre 1885<\/p>\n<p style=\"text-align: center;\">fils de<\/p>\n<p style=\"text-align: center;\">Fran\u00e7ois MARTINAUD, <span style=\"color: #008000;\"><strong>ma\u00e7on <\/strong><\/span><strong>\/ <\/strong>Marie TIXIER<\/p>\n<p style=\"text-align: center;\">propri\u00e9taires cultivateurs<\/p>\n<p style=\"text-align: center;\"><span style=\"color: #ffffff;\">\u25d9<\/span><\/p>\n<p><em>Fran\u00e7ois travaille \u00e0<\/em> <span style=\"color: #0000ff;\"><strong>Lyon (69)<\/strong><\/span> <em>et loge\u00a0:<\/em><\/p>\n<p><strong>de 1906 \u00e0 1911<\/strong> <em>au moins, 196, rue Boileau\u00a0;<\/em><\/p>\n<p><strong>de 1919 \u00e0 1924<\/strong> <em>au moins, 235, rue Vend\u00f4me, dans le 3e\u00a0arrondissement.<\/em><\/p>\n<p><strong>En 1932<\/strong><em>, il travaille \u00e0 <\/em><span style=\"color: #0000ff;\"><strong>Saint-Didier-au-Mont-d\u2019Or (69)<\/strong><\/span><em>, et habite 6, chemin des Rivi\u00e8res. <\/em><\/p>\n<p><em>Il d\u00e9c\u00e8de <\/em><strong>c\u00e9libataire<\/strong><em> \u00e0 la maison de retraite de Gioux, commune de Saint-Pierre-Bellevue, le 6 mars <\/em><strong>1958<\/strong><em>, \u00e2g\u00e9 de 72 ans, domicili\u00e9 \u00e0 Auzoux, commune de Roy\u00e8re. <\/em><\/p>\n","protected":false},"excerpt":{"rendered":"<p>Mis \u00e0 jour le : 25\/04\/2026Fran\u00e7ois MARTINAUD 1885 &#8211; 1958 ma\u00e7on n\u00e9 \u00e0 Larfouill\u00e8re (Roy\u00e8re) le 30 octobre 1885 fils de Fran\u00e7ois MARTINAUD, ma\u00e7on \/ Marie TIXIER propri\u00e9taires cultivateurs \u25d9 Fran\u00e7ois travaille \u00e0 Lyon (69) et loge\u00a0: de 1906 \u00e0 1911 au moins, 196, rue Boileau\u00a0; de 1919 \u00e0 1924 au moins, 235, rue Vend\u00f4me, ..<\/p>\n<div class=\"clear-fix\"><\/div>\n<p><a href=\"https:\/\/www.lesmaconsdelacreuse.fr\/annuaires\/lettre-m\/m_257\/\" title=\"Lire la suite...\">Lire la suite<\/a><\/p>\n","protected":false},"author":2,"featured_media":0,"comment_status":"closed","ping_status":"closed","sticky":false,"template":"","format":"standard","meta":{"_acf_changed":false,"_exactmetrics_skip_tracking":false,"_exactmetrics_sitenote_active":false,"_exactmetrics_sitenote_note":"","_exactmetrics_sitenote_category":0,"footnotes":""},"categories":[14],"tags":[],"class_list":["post-37335","post","type-post","status-publish","format-standard","hentry","category-lettre-m"],"acf":[],"_links":{"self":[{"href":"https:\/\/www.lesmaconsdelacreuse.fr\/annuaires\/wp-json\/wp\/v2\/posts\/37335","targetHints":{"allow":["GET"]}}],"collection":[{"href":"https:\/\/www.lesmaconsdelacreuse.fr\/annuaires\/wp-json\/wp\/v2\/posts"}],"about":[{"href":"https:\/\/www.lesmaconsdelacreuse.fr\/annuaires\/wp-json\/wp\/v2\/types\/post"}],"author":[{"embeddable":true,"href":"https:\/\/www.lesmaconsdelacreuse.fr\/annuaires\/wp-json\/wp\/v2\/users\/2"}],"replies":[{"embeddable":true,"href":"https:\/\/www.lesmaconsdelacreuse.fr\/annuaires\/wp-json\/wp\/v2\/comments?post=37335"}],"version-history":[{"count":0,"href":"https:\/\/www.lesmaconsdelacreuse.fr\/annuaires\/wp-json\/wp\/v2\/posts\/37335\/revisions"}],"wp:attachment":[{"href":"https:\/\/www.lesmaconsdelacreuse.fr\/annuaires\/wp-json\/wp\/v2\/media?parent=37335"}],"wp:term":[{"taxonomy":"category","embeddable":true,"href":"https:\/\/www.lesmaconsdelacreuse.fr\/annuaires\/wp-json\/wp\/v2\/categories?post=37335"},{"taxonomy":"post_tag","embeddable":true,"href":"https:\/\/www.lesmaconsdelacreuse.fr\/annuaires\/wp-json\/wp\/v2\/tags?post=37335"}],"curies":[{"name":"wp","href":"https:\/\/api.w.org\/{rel}","templated":true}]}}