{"id":37338,"date":"2019-08-04T17:23:07","date_gmt":"2019-08-04T15:23:07","guid":{"rendered":"http:\/\/lesmaconsdelacreuse.fr\/annuaire\/?p=37338"},"modified":"2020-10-09T16:20:43","modified_gmt":"2020-10-09T14:20:43","slug":"m_282","status":"publish","type":"post","link":"https:\/\/www.lesmaconsdelacreuse.fr\/annuaires\/lettre-m\/m_282\/","title":{"rendered":"MARTINON L\u00e9onard (1814-1827)"},"content":{"rendered":"<p class=\"last-updated\"><strong>Mis \u00e0 jour le :<\/strong> 25\/04\/2026<\/p><h2 style=\"text-align: center;\"><strong>L\u00e9onard MARTINON<\/strong><\/h2>\n<p style=\"text-align: center;\"><strong>1814 &#8211; 1827<\/strong><\/p>\n<h4 style=\"text-align: center;\"><strong><span style=\"color: #008000;\">man\u0153uvre ma\u00e7on<\/span><\/strong><\/h4>\n<p>&nbsp;<\/p>\n<p style=\"text-align: center;\">n\u00e9 \u00e0 Vergnolas (Roy\u00e8re)<\/p>\n<p style=\"text-align: center;\">le 1er mars 1814<\/p>\n<p style=\"text-align: center;\">fils de<\/p>\n<p style=\"text-align: center;\">Jean MARTINON \/ Anne MOREAU<\/p>\n<p style=\"text-align: center;\">\u25ba<a href=\"https:\/\/www.lesmaconsdelacreuse.fr\/annuaires\/wp-content\/uploads\/2020\/08\/FERMIER-M\u00c9TAYER.png\" target=\"_blank\" rel=\"noopener noreferrer\">m\u00e9tayers<\/a><\/p>\n<p style=\"text-align: center;\"><span style=\"color: #ffffff;\">\u25d9<\/span><\/p>\n<p>\u25ba<a href=\"https:\/\/www.lesmaconsdelacreuse.fr\/annuaires\/\/wp-content\/uploads\/DOCUMENTS\/1827_-_Leonard_MARTINON_tombe_dun_echafaudage.pdf\" target=\"_blank\" rel=\"noopener noreferrer\"><span style=\"color: #000000;\"><strong>En 1827<\/strong><\/span><\/a><em>, L\u00e9onard travaille \u00e0 <\/em><span style=\"color: #0000ff;\"><strong>Lyon (69)<\/strong><\/span><em> et loge 26, rue Confort.<\/em><\/p>\n<p><em>Il d\u00e9c\u00e8de \u00e0 Lyon le 27 octobre<\/em> <em>de la m\u00eame ann\u00e9e, \u00e2g\u00e9 de 13 ans.<\/em><\/p>\n<p><em>Un proc\u00e8s-verbal a \u00e9t\u00e9 dress\u00e9 par le commissaire de police de l\u2019arrondissement de la m\u00e9tropole. L\u00e9onard est \u00ab\u00a0d\u00e9c\u00e9d\u00e9 accidentellement d\u2019une chute qu\u2019il a faite d\u2019un b\u00e2timent en construction du 4e \u00e9tage, sise pr\u00e8s le pont de l\u2019Archev\u00each\u00e9, le dit jour vingt sept, \u00e0 une heure du soir, appartenant au sieur Cathelin\u00a0\u00bb. <\/em><\/p>\n<p>&nbsp;<\/p>\n","protected":false},"excerpt":{"rendered":"<p>Mis \u00e0 jour le : 25\/04\/2026L\u00e9onard MARTINON 1814 &#8211; 1827 man\u0153uvre ma\u00e7on &nbsp; n\u00e9 \u00e0 Vergnolas (Roy\u00e8re) le 1er mars 1814 fils de Jean MARTINON \/ Anne MOREAU \u25bam\u00e9tayers \u25d9 \u25baEn 1827, L\u00e9onard travaille \u00e0 Lyon (69) et loge 26, rue Confort. Il d\u00e9c\u00e8de \u00e0 Lyon le 27 octobre de la m\u00eame ann\u00e9e, \u00e2g\u00e9 de ..<\/p>\n<div class=\"clear-fix\"><\/div>\n<p><a href=\"https:\/\/www.lesmaconsdelacreuse.fr\/annuaires\/lettre-m\/m_282\/\" title=\"Lire la suite...\">Lire la suite<\/a><\/p>\n","protected":false},"author":2,"featured_media":0,"comment_status":"closed","ping_status":"closed","sticky":false,"template":"","format":"standard","meta":{"_acf_changed":false,"_exactmetrics_skip_tracking":false,"_exactmetrics_sitenote_active":false,"_exactmetrics_sitenote_note":"","_exactmetrics_sitenote_category":0,"footnotes":""},"categories":[14],"tags":[],"class_list":["post-37338","post","type-post","status-publish","format-standard","hentry","category-lettre-m"],"acf":[],"_links":{"self":[{"href":"https:\/\/www.lesmaconsdelacreuse.fr\/annuaires\/wp-json\/wp\/v2\/posts\/37338","targetHints":{"allow":["GET"]}}],"collection":[{"href":"https:\/\/www.lesmaconsdelacreuse.fr\/annuaires\/wp-json\/wp\/v2\/posts"}],"about":[{"href":"https:\/\/www.lesmaconsdelacreuse.fr\/annuaires\/wp-json\/wp\/v2\/types\/post"}],"author":[{"embeddable":true,"href":"https:\/\/www.lesmaconsdelacreuse.fr\/annuaires\/wp-json\/wp\/v2\/users\/2"}],"replies":[{"embeddable":true,"href":"https:\/\/www.lesmaconsdelacreuse.fr\/annuaires\/wp-json\/wp\/v2\/comments?post=37338"}],"version-history":[{"count":0,"href":"https:\/\/www.lesmaconsdelacreuse.fr\/annuaires\/wp-json\/wp\/v2\/posts\/37338\/revisions"}],"wp:attachment":[{"href":"https:\/\/www.lesmaconsdelacreuse.fr\/annuaires\/wp-json\/wp\/v2\/media?parent=37338"}],"wp:term":[{"taxonomy":"category","embeddable":true,"href":"https:\/\/www.lesmaconsdelacreuse.fr\/annuaires\/wp-json\/wp\/v2\/categories?post=37338"},{"taxonomy":"post_tag","embeddable":true,"href":"https:\/\/www.lesmaconsdelacreuse.fr\/annuaires\/wp-json\/wp\/v2\/tags?post=37338"}],"curies":[{"name":"wp","href":"https:\/\/api.w.org\/{rel}","templated":true}]}}