{"id":37348,"date":"2019-08-04T17:23:06","date_gmt":"2019-08-04T15:23:06","guid":{"rendered":"http:\/\/lesmaconsdelacreuse.fr\/annuaire\/?p=37348"},"modified":"2022-06-07T08:43:50","modified_gmt":"2022-06-07T06:43:50","slug":"m_247","status":"publish","type":"post","link":"https:\/\/www.lesmaconsdelacreuse.fr\/annuaires\/lettre-m\/m_247\/","title":{"rendered":"MARTINAUD \u00c9tienne (1822\u2013apr\u00e8s 1856)"},"content":{"rendered":"<p class=\"last-updated\"><strong>Mis \u00e0 jour le :<\/strong> 25\/04\/2026<\/p><h2 style=\"text-align: center;\"><strong>\u00c9tienne MARTINAUD<\/strong><\/h2>\n<p style=\"text-align: center;\"><strong>\u00c9tienne MARTINOT<\/strong><\/p>\n<p><a href=\"https:\/\/www.lesmaconsdelacreuse.fr\/annuaires\/wp-content\/uploads\/2019\/08\/MARTINAUD-Etienne-1822.jpg\"><img loading=\"lazy\" decoding=\"async\" class=\"size-full wp-image-200055 aligncenter\" src=\"https:\/\/www.lesmaconsdelacreuse.fr\/annuaires\/wp-content\/uploads\/2019\/08\/MARTINAUD-Etienne-1822.jpg\" alt=\"\" width=\"136\" height=\"53\" srcset=\"https:\/\/www.lesmaconsdelacreuse.fr\/annuaires\/wp-content\/uploads\/2019\/08\/MARTINAUD-Etienne-1822.jpg 136w, https:\/\/www.lesmaconsdelacreuse.fr\/annuaires\/wp-content\/uploads\/2019\/08\/MARTINAUD-Etienne-1822-16x6.jpg 16w\" sizes=\"auto, (max-width: 136px) 100vw, 136px\" \/><\/a><\/p>\n<p style=\"text-align: center;\"><strong>1822 \u2013 apr\u00e8s 1856<\/strong><\/p>\n<h4 style=\"text-align: center;\"><span style=\"color: #008000;\"><strong>ma\u00e7on<\/strong><\/span><\/h4>\n<p style=\"text-align: center;\">n\u00e9 \u00e0 Buze (Saint-Pardoux-Lavaud)<\/p>\n<p style=\"text-align: center;\">le 16 novembre 1822<\/p>\n<p style=\"text-align: center;\">fils de<\/p>\n<p style=\"text-align: center;\">Denis Alexandre MARTINAUD, <span style=\"color: #008000;\"><strong>ma\u00e7on <\/strong><\/span>et meunier<\/p>\n<p style=\"text-align: center;\">Fran\u00e7oise MIAN, cultivatrice<\/p>\n<p style=\"text-align: center;\"><span style=\"color: #ffffff;\">\u25d9<\/span><\/p>\n<p><strong>En 1844<\/strong><em>, \u00c9tienne travaille \u00e0 <\/em><span style=\"color: #0000ff;\"><strong>Francheville (69) <\/strong><span style=\"color: #000000;\"><em>depuis<\/em><\/span> <span style=\"color: #000000;\"><em>plusieurs ann\u00e9es.<\/em><\/span><\/span><\/p>\n<p><em>Le 22 ao\u00fbt de la m\u00eame ann\u00e9e, il y \u00e9pouse Denise <\/em><strong>AMI<\/strong><em>, blanchisseuse.<\/em><\/p>\n<p><strong>\u00a0En 1856<\/strong><em>, ils sont recens\u00e9s \u00e0 Francheville.<\/em><\/p>\n","protected":false},"excerpt":{"rendered":"<p>Mis \u00e0 jour le : 25\/04\/2026\u00c9tienne MARTINAUD \u00c9tienne MARTINOT 1822 \u2013 apr\u00e8s 1856 ma\u00e7on n\u00e9 \u00e0 Buze (Saint-Pardoux-Lavaud) le 16 novembre 1822 fils de Denis Alexandre MARTINAUD, ma\u00e7on et meunier Fran\u00e7oise MIAN, cultivatrice \u25d9 En 1844, \u00c9tienne travaille \u00e0 Francheville (69) depuis plusieurs ann\u00e9es. Le 22 ao\u00fbt de la m\u00eame ann\u00e9e, il y \u00e9pouse Denise ..<\/p>\n<div class=\"clear-fix\"><\/div>\n<p><a href=\"https:\/\/www.lesmaconsdelacreuse.fr\/annuaires\/lettre-m\/m_247\/\" title=\"Lire la suite...\">Lire la suite<\/a><\/p>\n","protected":false},"author":2,"featured_media":0,"comment_status":"closed","ping_status":"closed","sticky":false,"template":"","format":"standard","meta":{"_acf_changed":false,"_exactmetrics_skip_tracking":false,"_exactmetrics_sitenote_active":false,"_exactmetrics_sitenote_note":"","_exactmetrics_sitenote_category":0,"footnotes":""},"categories":[14],"tags":[],"class_list":["post-37348","post","type-post","status-publish","format-standard","hentry","category-lettre-m"],"acf":[],"_links":{"self":[{"href":"https:\/\/www.lesmaconsdelacreuse.fr\/annuaires\/wp-json\/wp\/v2\/posts\/37348","targetHints":{"allow":["GET"]}}],"collection":[{"href":"https:\/\/www.lesmaconsdelacreuse.fr\/annuaires\/wp-json\/wp\/v2\/posts"}],"about":[{"href":"https:\/\/www.lesmaconsdelacreuse.fr\/annuaires\/wp-json\/wp\/v2\/types\/post"}],"author":[{"embeddable":true,"href":"https:\/\/www.lesmaconsdelacreuse.fr\/annuaires\/wp-json\/wp\/v2\/users\/2"}],"replies":[{"embeddable":true,"href":"https:\/\/www.lesmaconsdelacreuse.fr\/annuaires\/wp-json\/wp\/v2\/comments?post=37348"}],"version-history":[{"count":3,"href":"https:\/\/www.lesmaconsdelacreuse.fr\/annuaires\/wp-json\/wp\/v2\/posts\/37348\/revisions"}],"predecessor-version":[{"id":200056,"href":"https:\/\/www.lesmaconsdelacreuse.fr\/annuaires\/wp-json\/wp\/v2\/posts\/37348\/revisions\/200056"}],"wp:attachment":[{"href":"https:\/\/www.lesmaconsdelacreuse.fr\/annuaires\/wp-json\/wp\/v2\/media?parent=37348"}],"wp:term":[{"taxonomy":"category","embeddable":true,"href":"https:\/\/www.lesmaconsdelacreuse.fr\/annuaires\/wp-json\/wp\/v2\/categories?post=37348"},{"taxonomy":"post_tag","embeddable":true,"href":"https:\/\/www.lesmaconsdelacreuse.fr\/annuaires\/wp-json\/wp\/v2\/tags?post=37348"}],"curies":[{"name":"wp","href":"https:\/\/api.w.org\/{rel}","templated":true}]}}