{"id":37351,"date":"2019-08-04T17:23:05","date_gmt":"2019-08-04T15:23:05","guid":{"rendered":"http:\/\/lesmaconsdelacreuse.fr\/annuaire\/?p=37351"},"modified":"2020-09-09T07:52:49","modified_gmt":"2020-09-09T05:52:49","slug":"m_245","status":"publish","type":"post","link":"https:\/\/www.lesmaconsdelacreuse.fr\/annuaires\/lettre-m\/m_245\/","title":{"rendered":"MARTINAUD \u00c9mile (1906-1988)"},"content":{"rendered":"<p class=\"last-updated\"><strong>Mis \u00e0 jour le :<\/strong> 25\/04\/2026<\/p><h2 style=\"text-align: center;\"><strong>\u00c9mile MARTINAUD<\/strong><\/h2>\n<p style=\"text-align: center;\"><strong>1906 &#8211; 1988<\/strong><\/p>\n<p style=\"text-align: center;\"><a href=\"https:\/\/www.lesmaconsdelacreuse.fr\/annuaires\/wp-content\/uploads\/2019\/08\/martinaud-E.jpg\"><img loading=\"lazy\" decoding=\"async\" class=\"alignnone size-full wp-image-178268\" src=\"https:\/\/www.lesmaconsdelacreuse.fr\/annuaires\/wp-content\/uploads\/2019\/08\/martinaud-E.jpg\" alt=\"\" width=\"178\" height=\"78\" srcset=\"https:\/\/www.lesmaconsdelacreuse.fr\/annuaires\/wp-content\/uploads\/2019\/08\/martinaud-E.jpg 178w, https:\/\/www.lesmaconsdelacreuse.fr\/annuaires\/wp-content\/uploads\/2019\/08\/martinaud-E-150x66.jpg 150w\" sizes=\"auto, (max-width: 178px) 100vw, 178px\" \/><\/a><\/p>\n<p>&nbsp;<\/p>\n<h4 style=\"text-align: center;\"><span style=\"color: #008000;\"><strong>ma\u00e7on<\/strong><\/span><\/h4>\n<p style=\"text-align: center;\">n\u00e9 \u00e0 Auzoux (Roy\u00e8re)<\/p>\n<p style=\"text-align: center;\">le 10 novembre 1906<\/p>\n<p style=\"text-align: center;\">fils de<\/p>\n<p style=\"text-align: center;\">Jean MARTINAUD, <span style=\"color: #008000;\"><strong>ma\u00e7on<\/strong><\/span><\/p>\n<p style=\"text-align: center;\">Marie OLIVIER, cultivatrice<\/p>\n<p style=\"text-align: center;\"><span style=\"color: #ffffff;\">\u25d9<\/span><\/p>\n<p><strong>En 1927<\/strong><em>, \u00c9mile travaille dans le <\/em><strong><span style=\"color: #0000ff;\">Rh\u00f4n<\/span>e<\/strong><em> et y passe le conseil de r\u00e9vision. Il est ajourn\u00e9 pour faiblesse.<\/em><\/p>\n<p><strong>En 1933<\/strong><em>, il travaille \u00e0 <\/em><span style=\"color: #0000ff;\"><strong>Lyon (69)<\/strong><\/span><em> et loge 245, rue Paul Bert.<\/em><\/p>\n<p><em> Il \u00e9pouse le 28 octobre de la m\u00eame ann\u00e9e \u00e0 Lyon 3e Ang\u00e9line \u00c9milie <\/em><strong>CARRIER VERNAND<\/strong><em> n\u00e9e en Haute-Savoie (mari\u00e9s sans contrat).<\/em><\/p>\n<p><em> Il d\u00e9c\u00e8de le 31 d\u00e9cembre <\/em><strong>1988<\/strong><em>, \u00e2g\u00e9 de 82 ans. <\/em><\/p>\n<p>&nbsp;<\/p>\n","protected":false},"excerpt":{"rendered":"<p>Mis \u00e0 jour le : 25\/04\/2026\u00c9mile MARTINAUD 1906 &#8211; 1988 &nbsp; ma\u00e7on n\u00e9 \u00e0 Auzoux (Roy\u00e8re) le 10 novembre 1906 fils de Jean MARTINAUD, ma\u00e7on Marie OLIVIER, cultivatrice \u25d9 En 1927, \u00c9mile travaille dans le Rh\u00f4ne et y passe le conseil de r\u00e9vision. Il est ajourn\u00e9 pour faiblesse. En 1933, il travaille \u00e0 Lyon (69) ..<\/p>\n<div class=\"clear-fix\"><\/div>\n<p><a href=\"https:\/\/www.lesmaconsdelacreuse.fr\/annuaires\/lettre-m\/m_245\/\" title=\"Lire la suite...\">Lire la suite<\/a><\/p>\n","protected":false},"author":2,"featured_media":0,"comment_status":"closed","ping_status":"closed","sticky":false,"template":"","format":"standard","meta":{"_acf_changed":false,"_exactmetrics_skip_tracking":false,"_exactmetrics_sitenote_active":false,"_exactmetrics_sitenote_note":"","_exactmetrics_sitenote_category":0,"footnotes":""},"categories":[14],"tags":[],"class_list":["post-37351","post","type-post","status-publish","format-standard","hentry","category-lettre-m"],"acf":[],"_links":{"self":[{"href":"https:\/\/www.lesmaconsdelacreuse.fr\/annuaires\/wp-json\/wp\/v2\/posts\/37351","targetHints":{"allow":["GET"]}}],"collection":[{"href":"https:\/\/www.lesmaconsdelacreuse.fr\/annuaires\/wp-json\/wp\/v2\/posts"}],"about":[{"href":"https:\/\/www.lesmaconsdelacreuse.fr\/annuaires\/wp-json\/wp\/v2\/types\/post"}],"author":[{"embeddable":true,"href":"https:\/\/www.lesmaconsdelacreuse.fr\/annuaires\/wp-json\/wp\/v2\/users\/2"}],"replies":[{"embeddable":true,"href":"https:\/\/www.lesmaconsdelacreuse.fr\/annuaires\/wp-json\/wp\/v2\/comments?post=37351"}],"version-history":[{"count":0,"href":"https:\/\/www.lesmaconsdelacreuse.fr\/annuaires\/wp-json\/wp\/v2\/posts\/37351\/revisions"}],"wp:attachment":[{"href":"https:\/\/www.lesmaconsdelacreuse.fr\/annuaires\/wp-json\/wp\/v2\/media?parent=37351"}],"wp:term":[{"taxonomy":"category","embeddable":true,"href":"https:\/\/www.lesmaconsdelacreuse.fr\/annuaires\/wp-json\/wp\/v2\/categories?post=37351"},{"taxonomy":"post_tag","embeddable":true,"href":"https:\/\/www.lesmaconsdelacreuse.fr\/annuaires\/wp-json\/wp\/v2\/tags?post=37351"}],"curies":[{"name":"wp","href":"https:\/\/api.w.org\/{rel}","templated":true}]}}