{"id":37352,"date":"2019-08-04T17:23:05","date_gmt":"2019-08-04T15:23:05","guid":{"rendered":"http:\/\/lesmaconsdelacreuse.fr\/annuaire\/?p=37352"},"modified":"2020-01-20T11:07:33","modified_gmt":"2020-01-20T10:07:33","slug":"m_270","status":"publish","type":"post","link":"https:\/\/www.lesmaconsdelacreuse.fr\/annuaires\/lettre-m\/m_270\/","title":{"rendered":"MARTINAUD Jean (1862-1915)"},"content":{"rendered":"<p class=\"last-updated\"><strong>Mis \u00e0 jour le :<\/strong> 25\/04\/2026<\/p><h2 style=\"text-align: center;\"><strong>Jean MARTINAUD<\/strong><\/h2>\n<p style=\"text-align: center;\"><strong>1862 &#8211; 1915<\/strong><\/p>\n<p style=\"text-align: center;\"><img loading=\"lazy\" decoding=\"async\" class=\"\" title=\"\" src=\"https:\/\/lesmaconsdelacreuse.fr\/annuaire\/wp-content\/uploads\/2019\/08\/image1-1145.jpg\" alt=\"\" width=\"323\" height=\"95\" data-asset-id=\"37350\" data-source-id=\"i.0\" \/><\/p>\n<h4 style=\"text-align: center;\"><span style=\"color: #008000;\"><strong>ma\u00e7on<\/strong><\/span><\/h4>\n<p style=\"text-align: center;\">n\u00e9 aux Bordes (Roy\u00e8re)<\/p>\n<p style=\"text-align: center;\">le 14 ao\u00fbt 1862<\/p>\n<p style=\"text-align: center;\">fils de<\/p>\n<p style=\"text-align: center;\">Fran\u00e7ois MARTINAUD, <span style=\"color: #008000;\"><strong>ma\u00e7on <\/strong><\/span><strong>\/ <\/strong>Jeanne LELARGE<\/p>\n<p style=\"text-align: center;\">propri\u00e9taires cultivateurs<\/p>\n<p style=\"text-align: center;\"><span style=\"color: #ffffff;\">\u25d9<\/span><\/p>\n<p><strong>En 1883<\/strong><em>, Jean est dispens\u00e9 de service militaire ayant un fr\u00e8re sous les drapeaux.<\/em><\/p>\n<p><em>Il \u00e9pouse Fran\u00e7oise <\/em><strong>BOUCARET<\/strong><em> le 16 f\u00e9vrier <\/em><strong>1884<\/strong><em> \u00e0 Roy\u00e8re (contrat Toumieux)\u00a0; il ne sait pas encore signer. <\/em><\/p>\n<p><em>En avril de la m\u00eame ann\u00e9e, il travaille \u00e0 <\/em><span style=\"color: #0000ff;\"><strong>Lyon (69)<\/strong><\/span><em>, et loge rue Tourret.<\/em><\/p>\n<p><strong>En 1885<\/strong><em>, 83, les \u00e9poux habitent rue de Bonnel, 3e arrondissement.<\/em><\/p>\n<p><em>Fran\u00e7oise d\u00e9c\u00e8de \u00e0 cette adresse le 28 avril <\/em><strong>1887<\/strong><em>, \u00e2g\u00e9e de 21 ans.<\/em><\/p>\n<p><strong>En 1890<\/strong>,<em> Jean fait partie du conseil syndical du Syndicat G\u00e9n\u00e9ral des Ouvriers Ma\u00e7ons de Lyon. <\/em><\/p>\n<p><strong>En 1897<\/strong><em>, il habite 62, boulevard des Brotteaux.<\/em><\/p>\n<p><em> Le 8 f\u00e9vrier <\/em><strong>1900<\/strong><em>, il se remarie \u00e0 Roy\u00e8re avec Anne <\/em><strong>JOUANAUD<\/strong><em>, veuve de L\u00e9onard NICOUT<\/em> <em>, ma\u00e7on<\/em> <em>(mari\u00e9s sans contrat). <\/em><\/p>\n<p><strong>En 1915<\/strong><em>, les \u00e9poux habitent Lyon, 7, rue Fournet, 6e arrondissement.<\/em><\/p>\n<p><em>Ils d\u00e9c\u00e8dent\u00a0:<\/em><\/p>\n<ul>\n<li><em>Jean, \u00e0 cette derni\u00e8re adresse, le 24 septembre de la m\u00eame ann\u00e9e, \u00e2g\u00e9 de 53 ans<\/em><\/li>\n<li><em>Anne, \u00e0 Vichy (03), le 13 d\u00e9cembre <\/em><strong>1953<\/strong><em>, \u00e2g\u00e9e de 83 ans<\/em><\/li>\n<\/ul>\n","protected":false},"excerpt":{"rendered":"<p>Mis \u00e0 jour le : 25\/04\/2026Jean MARTINAUD 1862 &#8211; 1915 ma\u00e7on n\u00e9 aux Bordes (Roy\u00e8re) le 14 ao\u00fbt 1862 fils de Fran\u00e7ois MARTINAUD, ma\u00e7on \/ Jeanne LELARGE propri\u00e9taires cultivateurs \u25d9 En 1883, Jean est dispens\u00e9 de service militaire ayant un fr\u00e8re sous les drapeaux. Il \u00e9pouse Fran\u00e7oise BOUCARET le 16 f\u00e9vrier 1884 \u00e0 Roy\u00e8re (contrat ..<\/p>\n<div class=\"clear-fix\"><\/div>\n<p><a href=\"https:\/\/www.lesmaconsdelacreuse.fr\/annuaires\/lettre-m\/m_270\/\" title=\"Lire la suite...\">Lire la suite<\/a><\/p>\n","protected":false},"author":2,"featured_media":0,"comment_status":"closed","ping_status":"closed","sticky":false,"template":"","format":"standard","meta":{"_acf_changed":false,"_exactmetrics_skip_tracking":false,"_exactmetrics_sitenote_active":false,"_exactmetrics_sitenote_note":"","_exactmetrics_sitenote_category":0,"footnotes":""},"categories":[14],"tags":[],"class_list":["post-37352","post","type-post","status-publish","format-standard","hentry","category-lettre-m"],"acf":[],"_links":{"self":[{"href":"https:\/\/www.lesmaconsdelacreuse.fr\/annuaires\/wp-json\/wp\/v2\/posts\/37352","targetHints":{"allow":["GET"]}}],"collection":[{"href":"https:\/\/www.lesmaconsdelacreuse.fr\/annuaires\/wp-json\/wp\/v2\/posts"}],"about":[{"href":"https:\/\/www.lesmaconsdelacreuse.fr\/annuaires\/wp-json\/wp\/v2\/types\/post"}],"author":[{"embeddable":true,"href":"https:\/\/www.lesmaconsdelacreuse.fr\/annuaires\/wp-json\/wp\/v2\/users\/2"}],"replies":[{"embeddable":true,"href":"https:\/\/www.lesmaconsdelacreuse.fr\/annuaires\/wp-json\/wp\/v2\/comments?post=37352"}],"version-history":[{"count":0,"href":"https:\/\/www.lesmaconsdelacreuse.fr\/annuaires\/wp-json\/wp\/v2\/posts\/37352\/revisions"}],"wp:attachment":[{"href":"https:\/\/www.lesmaconsdelacreuse.fr\/annuaires\/wp-json\/wp\/v2\/media?parent=37352"}],"wp:term":[{"taxonomy":"category","embeddable":true,"href":"https:\/\/www.lesmaconsdelacreuse.fr\/annuaires\/wp-json\/wp\/v2\/categories?post=37352"},{"taxonomy":"post_tag","embeddable":true,"href":"https:\/\/www.lesmaconsdelacreuse.fr\/annuaires\/wp-json\/wp\/v2\/tags?post=37352"}],"curies":[{"name":"wp","href":"https:\/\/api.w.org\/{rel}","templated":true}]}}