{"id":37360,"date":"2019-08-04T17:23:05","date_gmt":"2019-08-04T15:23:05","guid":{"rendered":"http:\/\/lesmaconsdelacreuse.fr\/annuaire\/?p=37360"},"modified":"2020-01-20T11:07:32","modified_gmt":"2020-01-20T10:07:32","slug":"m_295","status":"publish","type":"post","link":"https:\/\/www.lesmaconsdelacreuse.fr\/annuaires\/lettre-m\/m_295\/","title":{"rendered":"MARTINAUD Marcelin Victor (1881\u2013apr\u00e8s 1927)"},"content":{"rendered":"<p class=\"last-updated\"><strong>Mis \u00e0 jour le :<\/strong> 25\/04\/2026<\/p><h2 style=\"text-align: center;\"><strong>Marcelin Victor MARTINAUD<\/strong><\/h2>\n<p style=\"text-align: center;\"><strong>1881 \u2013 apr\u00e8s 1927<\/strong><\/p>\n<p style=\"text-align: center;\"><img loading=\"lazy\" decoding=\"async\" class=\"\" title=\"\" src=\"https:\/\/lesmaconsdelacreuse.fr\/annuaire\/wp-content\/uploads\/2019\/08\/image1-1148.jpg\" alt=\"\" width=\"286\" height=\"64\" data-asset-id=\"37359\" data-source-id=\"i.0\" \/><\/p>\n<h4 style=\"text-align: center;\"><span style=\"color: #008000;\"><strong>entrepreneur<\/strong><\/span><\/h4>\n<p style=\"text-align: center;\">n\u00e9 \u00e0 La Seauve (Saint-Martin-Ch\u00e2teau)<\/p>\n<p style=\"text-align: center;\">le 16 novembre 1881<\/p>\n<p style=\"text-align: center;\">fils de<\/p>\n<p style=\"text-align: center;\">L\u00e9onard MARTINAUD, <span style=\"color: #008000;\"><strong>ma\u00e7on<\/strong><\/span><\/p>\n<p style=\"text-align: center;\">Catherine LEBAYLE, cultivatrice<\/p>\n<p style=\"text-align: center;\"><span style=\"color: #ffffff;\">\u25d9<\/span><\/p>\n<p><strong>En 1902<\/strong><em>, Marcelin, <\/em><span style=\"color: #008000;\"><strong>ma\u00e7on<\/strong><\/span><em>, travaille dans le <\/em><span style=\"color: #0000ff;\"><strong>Rh\u00f4ne <\/strong><\/span><em>et y passe le conseil de r\u00e9vision.<\/em><\/p>\n<p><strong>En 1905<\/strong><em>, il habite <\/em><span style=\"color: #0000ff;\"><strong>Lyon (69)<\/strong><\/span><em> 24, rue Moncey\u00a0;<\/em><\/p>\n<p><strong>en 1906<\/strong><em>, au 22 de la m\u00eame rue.<\/em><\/p>\n<p><em> Il \u00e9pouse Jeanne <\/em><strong>MONTLARON <\/strong><em>le 21 f\u00e9vrier <\/em><strong>1911<\/strong><em> \u00e0 Saint-Martin (mari\u00e9s sans contrat).<\/em><\/p>\n<p><em> Il continue \u00e0 travailler \u00e0 Lyon et loge d&rsquo;abord <\/em><em>\u00a0122, rue S\u00e9bastien Gryphe;<\/em><\/p>\n<p><strong>en 1912<\/strong><em>, 279, rue Cr\u00e9qui.<\/em><\/p>\n<p><em>Jeanne d\u00e9c\u00e8de \u00e0 L\u00e2ge, commune de Saint-Martin, le 2 f\u00e9vrier <\/em><strong>1918<\/strong><em> , \u00e2g\u00e9e de 28 ans.<\/em><\/p>\n<p><strong>En 1919 et 1920<\/strong><em>, Marcelin habite 51, rue des Trois Pierres.<\/em><\/p>\n<p><span style=\"color: #008000;\"><strong>Entrepreneur<\/strong><\/span><em>, il se remarie le 29 avril <\/em><strong>1920<\/strong><em> \u00e0 Lyon 7e avec Anne Louise <\/em><strong>DUFOUR<\/strong><em>, employ\u00e9e n\u00e9e en Is\u00e8re (contrat Pralus \u00e0 Saint-Cyr-au-Mont-d\u2019Or \u2013 69). <\/em><\/p>\n","protected":false},"excerpt":{"rendered":"<p>Mis \u00e0 jour le : 25\/04\/2026Marcelin Victor MARTINAUD 1881 \u2013 apr\u00e8s 1927 entrepreneur n\u00e9 \u00e0 La Seauve (Saint-Martin-Ch\u00e2teau) le 16 novembre 1881 fils de L\u00e9onard MARTINAUD, ma\u00e7on Catherine LEBAYLE, cultivatrice \u25d9 En 1902, Marcelin, ma\u00e7on, travaille dans le Rh\u00f4ne et y passe le conseil de r\u00e9vision. En 1905, il habite Lyon (69) 24, rue Moncey\u00a0; ..<\/p>\n<div class=\"clear-fix\"><\/div>\n<p><a href=\"https:\/\/www.lesmaconsdelacreuse.fr\/annuaires\/lettre-m\/m_295\/\" title=\"Lire la suite...\">Lire la suite<\/a><\/p>\n","protected":false},"author":2,"featured_media":0,"comment_status":"closed","ping_status":"closed","sticky":false,"template":"","format":"standard","meta":{"_acf_changed":false,"_exactmetrics_skip_tracking":false,"_exactmetrics_sitenote_active":false,"_exactmetrics_sitenote_note":"","_exactmetrics_sitenote_category":0,"footnotes":""},"categories":[14],"tags":[],"class_list":["post-37360","post","type-post","status-publish","format-standard","hentry","category-lettre-m"],"acf":[],"_links":{"self":[{"href":"https:\/\/www.lesmaconsdelacreuse.fr\/annuaires\/wp-json\/wp\/v2\/posts\/37360","targetHints":{"allow":["GET"]}}],"collection":[{"href":"https:\/\/www.lesmaconsdelacreuse.fr\/annuaires\/wp-json\/wp\/v2\/posts"}],"about":[{"href":"https:\/\/www.lesmaconsdelacreuse.fr\/annuaires\/wp-json\/wp\/v2\/types\/post"}],"author":[{"embeddable":true,"href":"https:\/\/www.lesmaconsdelacreuse.fr\/annuaires\/wp-json\/wp\/v2\/users\/2"}],"replies":[{"embeddable":true,"href":"https:\/\/www.lesmaconsdelacreuse.fr\/annuaires\/wp-json\/wp\/v2\/comments?post=37360"}],"version-history":[{"count":0,"href":"https:\/\/www.lesmaconsdelacreuse.fr\/annuaires\/wp-json\/wp\/v2\/posts\/37360\/revisions"}],"wp:attachment":[{"href":"https:\/\/www.lesmaconsdelacreuse.fr\/annuaires\/wp-json\/wp\/v2\/media?parent=37360"}],"wp:term":[{"taxonomy":"category","embeddable":true,"href":"https:\/\/www.lesmaconsdelacreuse.fr\/annuaires\/wp-json\/wp\/v2\/categories?post=37360"},{"taxonomy":"post_tag","embeddable":true,"href":"https:\/\/www.lesmaconsdelacreuse.fr\/annuaires\/wp-json\/wp\/v2\/tags?post=37360"}],"curies":[{"name":"wp","href":"https:\/\/api.w.org\/{rel}","templated":true}]}}