{"id":37362,"date":"2019-08-04T17:23:05","date_gmt":"2019-08-04T15:23:05","guid":{"rendered":"http:\/\/lesmaconsdelacreuse.fr\/annuaire\/?p=37362"},"modified":"2020-02-11T12:21:11","modified_gmt":"2020-02-11T11:21:11","slug":"m_296","status":"publish","type":"post","link":"https:\/\/www.lesmaconsdelacreuse.fr\/annuaires\/lettre-m\/m_296\/","title":{"rendered":"MARTINAUD Martial (1858-1920)"},"content":{"rendered":"<p class=\"last-updated\"><strong>Mis \u00e0 jour le :<\/strong> 25\/04\/2026<\/p><h2 style=\"text-align: center;\"><strong>Martial MARTINAUD<\/strong><\/h2>\n<p style=\"text-align: center;\"><strong>Martial MARTINOT<\/strong><\/p>\n<p style=\"text-align: center;\"><strong>1858 &#8211; 1920<\/strong><\/p>\n<p style=\"text-align: center;\"><img decoding=\"async\" title=\"\" src=\"https:\/\/lesmaconsdelacreuse.fr\/annuaire\/wp-content\/uploads\/2019\/08\/image1-1149.jpg\" alt=\"\" data-asset-id=\"37361\" data-source-id=\"i.0\" \/><\/p>\n<h4 style=\"text-align: center;\"><span style=\"color: #008000;\"><strong>ma\u00e7on<\/strong><\/span><\/h4>\n<p style=\"text-align: center;\">n\u00e9 au bourg de Saint-Pardoux-Lavaud<\/p>\n<p style=\"text-align: center;\">le 17 avril 1858<\/p>\n<p style=\"text-align: center;\">fils de<\/p>\n<p style=\"text-align: center;\">Fran\u00e7ois MARTINAUD, tailleur d\u2019habits \/ Fran\u00e7oise FAYE<\/p>\n<p style=\"text-align: center;\">cultivateurs<\/p>\n<p style=\"text-align: center;\"><span style=\"color: #ffffff;\">\u25d9<\/span><\/p>\n<p><strong>En 1879<\/strong><em>, Martial travaille dans le <\/em><span style=\"color: #0000ff;\"><strong>Rh\u00f4ne <\/strong><\/span><em>et y passe le conseil de r\u00e9vision. il est dispens\u00e9 de service militaire, ayant un fr\u00e8re sous les drapeaux.<\/em><\/p>\n<p><strong>En 1880<\/strong><em>, il travaille \u00e0 <\/em><span style=\"color: #0000ff;\"><strong>Lyon (69)<\/strong><\/span><em>, et loge 26, rue Grol\u00e9e\u00a0;<\/em><\/p>\n<p><strong>en 1881<\/strong><em>, \u00e0 <\/em><strong><span style=\"color: #0000ff;\">Saint-Cyr-au-Mont-d\u2019Or (69)<\/span>\u00a0<\/strong><em>;<\/em><\/p>\n<p><strong>en 1883<\/strong><em>, de nouveau \u00e0 Lyon, 18, rue de Cuire.<\/em><\/p>\n<p><em> Il \u00e9pouse Louise <\/em><strong>POINTE<\/strong><em>, couturi\u00e8re, le 21 d\u00e9cembre <\/em><strong>1889<\/strong><em> \u00e0 Saint-Pardoux-Lavaud (mari\u00e9s sans contrat). <\/em><\/p>\n<p><strong>En 1890<\/strong><em>, revenu travailler \u00e0 Lyon, il loge 4, petite rue Denfert.<\/em><\/p>\n<p><strong>En 1892<\/strong><em>, les \u00e9poux habitent 18, Grande Rue de Cuire, 4e arrondissement\u00a0;<\/em><\/p>\n<p><strong>en 1920<\/strong><em>, 5, rue Victor Fort, aussi dans le 4e.<\/em><\/p>\n<p><em>Martial d\u00e9c\u00e8de le 21 novembre de la m\u00eame ann\u00e9e<\/em>,<em> \u00e2g\u00e9 de 62 ans, \u00e0 \u25ba<a target=\"_blank\"href=\"https:\/\/www.lesmaconsdelacreuse.fr\/annuaires\/\/wp-content\/uploads\/PHOTOS_-_CARTES_POSTALES\/LYON_-_Hopital_de_lAntiquaille.jpg\">l\u2019 H\u00f4pital de l\u2019Antiquaille<\/a>, 5e arrondissement. <\/em><\/p>\n","protected":false},"excerpt":{"rendered":"<p>Mis \u00e0 jour le : 25\/04\/2026Martial MARTINAUD Martial MARTINOT 1858 &#8211; 1920 ma\u00e7on n\u00e9 au bourg de Saint-Pardoux-Lavaud le 17 avril 1858 fils de Fran\u00e7ois MARTINAUD, tailleur d\u2019habits \/ Fran\u00e7oise FAYE cultivateurs \u25d9 En 1879, Martial travaille dans le Rh\u00f4ne et y passe le conseil de r\u00e9vision. il est dispens\u00e9 de service militaire, ayant un ..<\/p>\n<div class=\"clear-fix\"><\/div>\n<p><a href=\"https:\/\/www.lesmaconsdelacreuse.fr\/annuaires\/lettre-m\/m_296\/\" title=\"Lire la suite...\">Lire la suite<\/a><\/p>\n","protected":false},"author":2,"featured_media":0,"comment_status":"closed","ping_status":"closed","sticky":false,"template":"","format":"standard","meta":{"_acf_changed":false,"_exactmetrics_skip_tracking":false,"_exactmetrics_sitenote_active":false,"_exactmetrics_sitenote_note":"","_exactmetrics_sitenote_category":0,"footnotes":""},"categories":[14],"tags":[],"class_list":["post-37362","post","type-post","status-publish","format-standard","hentry","category-lettre-m"],"acf":[],"_links":{"self":[{"href":"https:\/\/www.lesmaconsdelacreuse.fr\/annuaires\/wp-json\/wp\/v2\/posts\/37362","targetHints":{"allow":["GET"]}}],"collection":[{"href":"https:\/\/www.lesmaconsdelacreuse.fr\/annuaires\/wp-json\/wp\/v2\/posts"}],"about":[{"href":"https:\/\/www.lesmaconsdelacreuse.fr\/annuaires\/wp-json\/wp\/v2\/types\/post"}],"author":[{"embeddable":true,"href":"https:\/\/www.lesmaconsdelacreuse.fr\/annuaires\/wp-json\/wp\/v2\/users\/2"}],"replies":[{"embeddable":true,"href":"https:\/\/www.lesmaconsdelacreuse.fr\/annuaires\/wp-json\/wp\/v2\/comments?post=37362"}],"version-history":[{"count":0,"href":"https:\/\/www.lesmaconsdelacreuse.fr\/annuaires\/wp-json\/wp\/v2\/posts\/37362\/revisions"}],"wp:attachment":[{"href":"https:\/\/www.lesmaconsdelacreuse.fr\/annuaires\/wp-json\/wp\/v2\/media?parent=37362"}],"wp:term":[{"taxonomy":"category","embeddable":true,"href":"https:\/\/www.lesmaconsdelacreuse.fr\/annuaires\/wp-json\/wp\/v2\/categories?post=37362"},{"taxonomy":"post_tag","embeddable":true,"href":"https:\/\/www.lesmaconsdelacreuse.fr\/annuaires\/wp-json\/wp\/v2\/tags?post=37362"}],"curies":[{"name":"wp","href":"https:\/\/api.w.org\/{rel}","templated":true}]}}