{"id":37367,"date":"2019-08-04T17:23:04","date_gmt":"2019-08-04T15:23:04","guid":{"rendered":"http:\/\/lesmaconsdelacreuse.fr\/annuaire\/?p=37367"},"modified":"2022-04-16T18:22:19","modified_gmt":"2022-04-16T16:22:19","slug":"m_248","status":"publish","type":"post","link":"https:\/\/www.lesmaconsdelacreuse.fr\/annuaires\/lettre-m\/m_248\/","title":{"rendered":"MARTINAUD \u00c9tienne (1832\u20131870)"},"content":{"rendered":"<p class=\"last-updated\"><strong>Mis \u00e0 jour le :<\/strong> 25\/04\/2026<\/p><h2 style=\"text-align: center;\"><strong>\u00c9tienne MARTINAUD<\/strong><\/h2>\n<p style=\"text-align: center;\"><strong>1832 \u2013 1870<\/strong><\/p>\n<h4 style=\"text-align: center;\"><span style=\"color: #008000;\"><strong>ma\u00e7on<\/strong><\/span><\/h4>\n<p style=\"text-align: center;\">n\u00e9 \u00e0 La Borderie (Saint-Pierre-le-Bost)<\/p>\n<p style=\"text-align: center;\">le 25 mars 1832<\/p>\n<p style=\"text-align: center;\">fils de<\/p>\n<p style=\"text-align: center;\">\u00c9tienne MARTINAUD,<span style=\"color: #008000;\"><strong> ma\u00e7on<\/strong><\/span> et meunier<\/p>\n<p style=\"text-align: center;\">Th\u00e9r\u00e8se TRUFFY, cultivatrice<\/p>\n<p style=\"text-align: center;\"><span style=\"color: #ffffff;\">\u25d9<\/span><\/p>\n<p><strong>En 1853<\/strong>,<em> \u00c9tienne est dispens\u00e9 de service militaire comme fils a\u00een\u00e9 de veuve.<\/em><\/p>\n<p><strong>En 1870<\/strong><em>, il habite <\/em><span style=\"color: #0000ff;\"><strong>Ch\u00e2tillon (69)<\/strong><\/span><em><span style=\"color: #0000ff;\">\u00a0<\/span>; il d\u00e9c\u00e8de <\/em><strong>c\u00e9libataire<\/strong><em> le 6 mai de la m\u00eame ann\u00e9e, \u00e2g\u00e9 de 38 ans, \u00e0 l\u2019hospice de Villefranche (69).<\/em><\/p>\n","protected":false},"excerpt":{"rendered":"<p>Mis \u00e0 jour le : 25\/04\/2026\u00c9tienne MARTINAUD 1832 \u2013 1870 ma\u00e7on n\u00e9 \u00e0 La Borderie (Saint-Pierre-le-Bost) le 25 mars 1832 fils de \u00c9tienne MARTINAUD, ma\u00e7on et meunier Th\u00e9r\u00e8se TRUFFY, cultivatrice \u25d9 En 1853, \u00c9tienne est dispens\u00e9 de service militaire comme fils a\u00een\u00e9 de veuve. En 1870, il habite Ch\u00e2tillon (69)\u00a0; il d\u00e9c\u00e8de c\u00e9libataire le 6 ..<\/p>\n<div class=\"clear-fix\"><\/div>\n<p><a href=\"https:\/\/www.lesmaconsdelacreuse.fr\/annuaires\/lettre-m\/m_248\/\" title=\"Lire la suite...\">Lire la suite<\/a><\/p>\n","protected":false},"author":2,"featured_media":0,"comment_status":"closed","ping_status":"closed","sticky":false,"template":"","format":"standard","meta":{"_acf_changed":false,"_exactmetrics_skip_tracking":false,"_exactmetrics_sitenote_active":false,"_exactmetrics_sitenote_note":"","_exactmetrics_sitenote_category":0,"footnotes":""},"categories":[14],"tags":[],"class_list":["post-37367","post","type-post","status-publish","format-standard","hentry","category-lettre-m"],"acf":[],"_links":{"self":[{"href":"https:\/\/www.lesmaconsdelacreuse.fr\/annuaires\/wp-json\/wp\/v2\/posts\/37367","targetHints":{"allow":["GET"]}}],"collection":[{"href":"https:\/\/www.lesmaconsdelacreuse.fr\/annuaires\/wp-json\/wp\/v2\/posts"}],"about":[{"href":"https:\/\/www.lesmaconsdelacreuse.fr\/annuaires\/wp-json\/wp\/v2\/types\/post"}],"author":[{"embeddable":true,"href":"https:\/\/www.lesmaconsdelacreuse.fr\/annuaires\/wp-json\/wp\/v2\/users\/2"}],"replies":[{"embeddable":true,"href":"https:\/\/www.lesmaconsdelacreuse.fr\/annuaires\/wp-json\/wp\/v2\/comments?post=37367"}],"version-history":[{"count":3,"href":"https:\/\/www.lesmaconsdelacreuse.fr\/annuaires\/wp-json\/wp\/v2\/posts\/37367\/revisions"}],"predecessor-version":[{"id":197806,"href":"https:\/\/www.lesmaconsdelacreuse.fr\/annuaires\/wp-json\/wp\/v2\/posts\/37367\/revisions\/197806"}],"wp:attachment":[{"href":"https:\/\/www.lesmaconsdelacreuse.fr\/annuaires\/wp-json\/wp\/v2\/media?parent=37367"}],"wp:term":[{"taxonomy":"category","embeddable":true,"href":"https:\/\/www.lesmaconsdelacreuse.fr\/annuaires\/wp-json\/wp\/v2\/categories?post=37367"},{"taxonomy":"post_tag","embeddable":true,"href":"https:\/\/www.lesmaconsdelacreuse.fr\/annuaires\/wp-json\/wp\/v2\/tags?post=37367"}],"curies":[{"name":"wp","href":"https:\/\/api.w.org\/{rel}","templated":true}]}}