{"id":37369,"date":"2019-08-04T17:23:04","date_gmt":"2019-08-04T15:23:04","guid":{"rendered":"http:\/\/lesmaconsdelacreuse.fr\/annuaire\/?p=37369"},"modified":"2020-10-09T16:21:15","modified_gmt":"2020-10-09T14:21:15","slug":"m_284","status":"publish","type":"post","link":"https:\/\/www.lesmaconsdelacreuse.fr\/annuaires\/lettre-m\/m_284\/","title":{"rendered":"MARTINAUD L\u00e9onard (1817-1896)"},"content":{"rendered":"<p class=\"last-updated\"><strong>Mis \u00e0 jour le :<\/strong> 25\/04\/2026<\/p><h2 style=\"text-align: center;\"><strong>L\u00e9onard MARTINAUD<\/strong><\/h2>\n<p style=\"text-align: center;\"><strong>1817 &#8211; 1896<\/strong><\/p>\n<p style=\"text-align: center;\"><img decoding=\"async\" title=\"\" src=\"https:\/\/lesmaconsdelacreuse.fr\/annuaire\/wp-content\/uploads\/2019\/08\/image1-1152.jpg\" alt=\"\" data-asset-id=\"37368\" data-source-id=\"i.0\" \/><\/p>\n<h4 style=\"text-align: center;\"><strong><span style=\"color: #008000;\">ma\u00e7on<\/span> <\/strong><span style=\"color: #008000;\">et<strong> cultivateur<\/strong><\/span><\/h4>\n<p>&nbsp;<\/p>\n<p style=\"text-align: center;\">n\u00e9 au bourg de Saint-Pierre-le-Bost<\/p>\n<p style=\"text-align: center;\">le 16 f\u00e9vrier 1817<\/p>\n<p style=\"text-align: center;\">fils de<\/p>\n<p style=\"text-align: center;\">\u00c9tienne MARTINAUD \/ Genevi\u00e8ve GROSSET<\/p>\n<p style=\"text-align: center;\">\u25ba<a href=\"https:\/\/www.lesmaconsdelacreuse.fr\/annuaires\/wp-content\/uploads\/2020\/08\/FERMIER-M\u00c9TAYER.png\" target=\"_blank\" rel=\"noopener noreferrer\">m\u00e9tayers<\/a><\/p>\n<p style=\"text-align: center;\"><span style=\"color: #ffffff;\">\u25d9<\/span><\/p>\n<p><em>L\u00e9onard \u00e9pouse Marguerite <\/em><strong>PATAUD<\/strong><em> le 31 mars <\/em><strong>1845<\/strong> <em>\u00e0 Saint-Pardoux-Lavaud.<\/em><\/p>\n<p><em> Ils d\u00e9c\u00e8dent au Barry, commune du Monteil-au-Vicomte\u00a0:<\/em><\/p>\n<ul>\n<li><em>L\u00e9onard, le 28 janvier <\/em><strong>1896<\/strong><em>, \u00e2g\u00e9 de 78 ans<\/em><\/li>\n<li><em>Marguerite, le 4 ao\u00fbt <\/em><strong>1899<\/strong><em>, \u00e2g\u00e9e de 76 ans<\/em><\/li>\n<\/ul>\n<p>&nbsp;<\/p>\n","protected":false},"excerpt":{"rendered":"<p>Mis \u00e0 jour le : 25\/04\/2026L\u00e9onard MARTINAUD 1817 &#8211; 1896 ma\u00e7on et cultivateur &nbsp; n\u00e9 au bourg de Saint-Pierre-le-Bost le 16 f\u00e9vrier 1817 fils de \u00c9tienne MARTINAUD \/ Genevi\u00e8ve GROSSET \u25bam\u00e9tayers \u25d9 L\u00e9onard \u00e9pouse Marguerite PATAUD le 31 mars 1845 \u00e0 Saint-Pardoux-Lavaud. Ils d\u00e9c\u00e8dent au Barry, commune du Monteil-au-Vicomte\u00a0: L\u00e9onard, le 28 janvier 1896, \u00e2g\u00e9 ..<\/p>\n<div class=\"clear-fix\"><\/div>\n<p><a href=\"https:\/\/www.lesmaconsdelacreuse.fr\/annuaires\/lettre-m\/m_284\/\" title=\"Lire la suite...\">Lire la suite<\/a><\/p>\n","protected":false},"author":2,"featured_media":0,"comment_status":"closed","ping_status":"closed","sticky":false,"template":"","format":"standard","meta":{"_acf_changed":false,"_exactmetrics_skip_tracking":false,"_exactmetrics_sitenote_active":false,"_exactmetrics_sitenote_note":"","_exactmetrics_sitenote_category":0,"footnotes":""},"categories":[14],"tags":[],"class_list":["post-37369","post","type-post","status-publish","format-standard","hentry","category-lettre-m"],"acf":[],"_links":{"self":[{"href":"https:\/\/www.lesmaconsdelacreuse.fr\/annuaires\/wp-json\/wp\/v2\/posts\/37369","targetHints":{"allow":["GET"]}}],"collection":[{"href":"https:\/\/www.lesmaconsdelacreuse.fr\/annuaires\/wp-json\/wp\/v2\/posts"}],"about":[{"href":"https:\/\/www.lesmaconsdelacreuse.fr\/annuaires\/wp-json\/wp\/v2\/types\/post"}],"author":[{"embeddable":true,"href":"https:\/\/www.lesmaconsdelacreuse.fr\/annuaires\/wp-json\/wp\/v2\/users\/2"}],"replies":[{"embeddable":true,"href":"https:\/\/www.lesmaconsdelacreuse.fr\/annuaires\/wp-json\/wp\/v2\/comments?post=37369"}],"version-history":[{"count":0,"href":"https:\/\/www.lesmaconsdelacreuse.fr\/annuaires\/wp-json\/wp\/v2\/posts\/37369\/revisions"}],"wp:attachment":[{"href":"https:\/\/www.lesmaconsdelacreuse.fr\/annuaires\/wp-json\/wp\/v2\/media?parent=37369"}],"wp:term":[{"taxonomy":"category","embeddable":true,"href":"https:\/\/www.lesmaconsdelacreuse.fr\/annuaires\/wp-json\/wp\/v2\/categories?post=37369"},{"taxonomy":"post_tag","embeddable":true,"href":"https:\/\/www.lesmaconsdelacreuse.fr\/annuaires\/wp-json\/wp\/v2\/tags?post=37369"}],"curies":[{"name":"wp","href":"https:\/\/api.w.org\/{rel}","templated":true}]}}