{"id":37374,"date":"2019-08-04T17:23:04","date_gmt":"2019-08-04T15:23:04","guid":{"rendered":"http:\/\/lesmaconsdelacreuse.fr\/annuaire\/?p=37374"},"modified":"2020-01-20T11:07:33","modified_gmt":"2020-01-20T10:07:33","slug":"m_269","status":"publish","type":"post","link":"https:\/\/www.lesmaconsdelacreuse.fr\/annuaires\/lettre-m\/m_269\/","title":{"rendered":"MARTINAUD Jean (1859-1928)"},"content":{"rendered":"<p class=\"last-updated\"><strong>Mis \u00e0 jour le :<\/strong> 25\/04\/2026<\/p><h2 style=\"text-align: center;\"><strong>Jean MARTINAUD<\/strong><\/h2>\n<p style=\"text-align: center;\"><strong>1859 &#8211; 1928<\/strong><\/p>\n<p style=\"text-align: center;\"><img decoding=\"async\" title=\"\" src=\"https:\/\/lesmaconsdelacreuse.fr\/annuaire\/wp-content\/uploads\/2019\/08\/image1-1154.jpg\" alt=\"\" data-asset-id=\"37372\" data-source-id=\"i.0\" \/><\/p>\n<h4 style=\"text-align: center;\"><span style=\"color: #008000;\"><strong>ma\u00e7on<\/strong><\/span><\/h4>\n<p style=\"text-align: center;\">n\u00e9 \u00e0 Auzoux (Roy\u00e8re)<\/p>\n<p style=\"text-align: center;\">le 7 septembre 1859<\/p>\n<p style=\"text-align: center;\">fils de<\/p>\n<p style=\"text-align: center;\">Fran\u00e7ois MARTINAUD, <span style=\"color: #008000;\"><strong>ma\u00e7on<\/strong><\/span><\/p>\n<p style=\"text-align: center;\">Jeanne LEROUDIER, cultivatrice<\/p>\n<p style=\"text-align: center;\"><span style=\"color: #ffffff;\">\u25d9<\/span><\/p>\n<p><strong>En 1880<\/strong><em>, Jean travaille dans <\/em><span style=\"color: #0000ff;\"><strong>Rh\u00f4ne <\/strong><\/span><em>et passe le conseil de r\u00e9vision.<\/em><\/p>\n<p><strong>En 1881<\/strong><em>, il habite <\/em><span style=\"color: #0000ff;\"><strong>Lyon (69)<\/strong><\/span><em> 55, rue de Bonnel\u00a0;<\/em><\/p>\n<p><strong>en 1893<\/strong><em>, au 85 de la m\u00eame rue\u00a0;<\/em><\/p>\n<p><strong>en 1902<\/strong><em>, 33, rue Clos Suiphon\u00a0;<\/em><\/p>\n<p><strong>en 1908<\/strong><em>, 247, rue de Cr\u00e9qui.<\/em><\/p>\n<p><em>Le 22 f\u00e9vrier de la m\u00eame ann\u00e9e, il \u00e9pouse \u00e0 Lyon 1er Virginie <\/em><strong>PORTAL<\/strong><em> , employ\u00e9e native de Haute-Loire (contrat Charbon).<\/em><\/p>\n<p><em> Il d\u00e9c\u00e8de le 22 janvier <\/em><strong>1928<\/strong><em> en son domicile, 38, rue de l\u2019H\u00f4tel de Ville, 1er arrondissement, \u00e2g\u00e9 de 68 ans.<\/em><\/p>\n","protected":false},"excerpt":{"rendered":"<p>Mis \u00e0 jour le : 25\/04\/2026Jean MARTINAUD 1859 &#8211; 1928 ma\u00e7on n\u00e9 \u00e0 Auzoux (Roy\u00e8re) le 7 septembre 1859 fils de Fran\u00e7ois MARTINAUD, ma\u00e7on Jeanne LEROUDIER, cultivatrice \u25d9 En 1880, Jean travaille dans Rh\u00f4ne et passe le conseil de r\u00e9vision. En 1881, il habite Lyon (69) 55, rue de Bonnel\u00a0; en 1893, au 85 de ..<\/p>\n<div class=\"clear-fix\"><\/div>\n<p><a href=\"https:\/\/www.lesmaconsdelacreuse.fr\/annuaires\/lettre-m\/m_269\/\" title=\"Lire la suite...\">Lire la suite<\/a><\/p>\n","protected":false},"author":2,"featured_media":0,"comment_status":"closed","ping_status":"closed","sticky":false,"template":"","format":"standard","meta":{"_acf_changed":false,"_exactmetrics_skip_tracking":false,"_exactmetrics_sitenote_active":false,"_exactmetrics_sitenote_note":"","_exactmetrics_sitenote_category":0,"footnotes":""},"categories":[14],"tags":[],"class_list":["post-37374","post","type-post","status-publish","format-standard","hentry","category-lettre-m"],"acf":[],"_links":{"self":[{"href":"https:\/\/www.lesmaconsdelacreuse.fr\/annuaires\/wp-json\/wp\/v2\/posts\/37374","targetHints":{"allow":["GET"]}}],"collection":[{"href":"https:\/\/www.lesmaconsdelacreuse.fr\/annuaires\/wp-json\/wp\/v2\/posts"}],"about":[{"href":"https:\/\/www.lesmaconsdelacreuse.fr\/annuaires\/wp-json\/wp\/v2\/types\/post"}],"author":[{"embeddable":true,"href":"https:\/\/www.lesmaconsdelacreuse.fr\/annuaires\/wp-json\/wp\/v2\/users\/2"}],"replies":[{"embeddable":true,"href":"https:\/\/www.lesmaconsdelacreuse.fr\/annuaires\/wp-json\/wp\/v2\/comments?post=37374"}],"version-history":[{"count":0,"href":"https:\/\/www.lesmaconsdelacreuse.fr\/annuaires\/wp-json\/wp\/v2\/posts\/37374\/revisions"}],"wp:attachment":[{"href":"https:\/\/www.lesmaconsdelacreuse.fr\/annuaires\/wp-json\/wp\/v2\/media?parent=37374"}],"wp:term":[{"taxonomy":"category","embeddable":true,"href":"https:\/\/www.lesmaconsdelacreuse.fr\/annuaires\/wp-json\/wp\/v2\/categories?post=37374"},{"taxonomy":"post_tag","embeddable":true,"href":"https:\/\/www.lesmaconsdelacreuse.fr\/annuaires\/wp-json\/wp\/v2\/tags?post=37374"}],"curies":[{"name":"wp","href":"https:\/\/api.w.org\/{rel}","templated":true}]}}