{"id":37375,"date":"2019-08-04T17:23:04","date_gmt":"2019-08-04T15:23:04","guid":{"rendered":"http:\/\/lesmaconsdelacreuse.fr\/annuaire\/?p=37375"},"modified":"2020-01-20T11:07:33","modified_gmt":"2020-01-20T10:07:33","slug":"m_237","status":"publish","type":"post","link":"https:\/\/www.lesmaconsdelacreuse.fr\/annuaires\/lettre-m\/m_237\/","title":{"rendered":"MARTINAUD Antoine (1855-1892)"},"content":{"rendered":"<p class=\"last-updated\"><strong>Mis \u00e0 jour le :<\/strong> 25\/04\/2026<\/p><h2 style=\"text-align: center;\"><strong>Antoine MARTINAUD<\/strong><\/h2>\n<p style=\"text-align: center;\"><strong>1855 &#8211; 1892<\/strong><\/p>\n<h4 style=\"text-align: center;\"><span style=\"color: #008000;\"><strong>ma\u00e7on <\/strong>puis<strong> plombier<\/strong><\/span><\/h4>\n<p style=\"text-align: center;\">n\u00e9 au bourg de Saint-Pardoux-Lavaud<\/p>\n<p style=\"text-align: center;\">le 15 ao\u00fbt 1855<\/p>\n<p style=\"text-align: center;\">fils de<\/p>\n<p style=\"text-align: center;\">Fran\u00e7ois MARTINAUD, tailleur d\u2019habits<\/p>\n<p style=\"text-align: center;\">Fran\u00e7oise FAYE, cultivatrice<\/p>\n<p style=\"text-align: center;\"><span style=\"color: #ffffff;\">\u25d9<\/span><\/p>\n<p><strong>En 1875<\/strong><em>, Antoine est <\/em><span style=\"color: #008000;\"><strong>ma\u00e7on<\/strong><\/span><em>.<\/em><\/p>\n<p><em>Il \u00e9pouse Marie <\/em><strong>PIROUZET<\/strong><em>.<\/em><\/p>\n<p><strong>En 1892<\/strong><em>, ils habitent <\/em><span style=\"color: #0000ff;\"><strong>Auxerre (89)<\/strong><\/span><em><span style=\"color: #0000ff;\">\u00a0<\/span> 2, rue du Puits des Dames, et Antoine est <\/em><span style=\"color: #008000;\"><strong>plombier<\/strong><\/span><em>.<\/em><\/p>\n<p><em>Il d\u00e9c\u00e8de \u00e0 cette adresse\u00a0 le 3 janvier de la m\u00eame ann\u00e9e, \u00e2g\u00e9 de 36 ans.<\/em><\/p>\n","protected":false},"excerpt":{"rendered":"<p>Mis \u00e0 jour le : 25\/04\/2026Antoine MARTINAUD 1855 &#8211; 1892 ma\u00e7on puis plombier n\u00e9 au bourg de Saint-Pardoux-Lavaud le 15 ao\u00fbt 1855 fils de Fran\u00e7ois MARTINAUD, tailleur d\u2019habits Fran\u00e7oise FAYE, cultivatrice \u25d9 En 1875, Antoine est ma\u00e7on. Il \u00e9pouse Marie PIROUZET. En 1892, ils habitent Auxerre (89)\u00a0 2, rue du Puits des Dames, et Antoine ..<\/p>\n<div class=\"clear-fix\"><\/div>\n<p><a href=\"https:\/\/www.lesmaconsdelacreuse.fr\/annuaires\/lettre-m\/m_237\/\" title=\"Lire la suite...\">Lire la suite<\/a><\/p>\n","protected":false},"author":2,"featured_media":0,"comment_status":"closed","ping_status":"closed","sticky":false,"template":"","format":"standard","meta":{"_acf_changed":false,"_exactmetrics_skip_tracking":false,"_exactmetrics_sitenote_active":false,"_exactmetrics_sitenote_note":"","_exactmetrics_sitenote_category":0,"footnotes":""},"categories":[14],"tags":[],"class_list":["post-37375","post","type-post","status-publish","format-standard","hentry","category-lettre-m"],"acf":[],"_links":{"self":[{"href":"https:\/\/www.lesmaconsdelacreuse.fr\/annuaires\/wp-json\/wp\/v2\/posts\/37375","targetHints":{"allow":["GET"]}}],"collection":[{"href":"https:\/\/www.lesmaconsdelacreuse.fr\/annuaires\/wp-json\/wp\/v2\/posts"}],"about":[{"href":"https:\/\/www.lesmaconsdelacreuse.fr\/annuaires\/wp-json\/wp\/v2\/types\/post"}],"author":[{"embeddable":true,"href":"https:\/\/www.lesmaconsdelacreuse.fr\/annuaires\/wp-json\/wp\/v2\/users\/2"}],"replies":[{"embeddable":true,"href":"https:\/\/www.lesmaconsdelacreuse.fr\/annuaires\/wp-json\/wp\/v2\/comments?post=37375"}],"version-history":[{"count":0,"href":"https:\/\/www.lesmaconsdelacreuse.fr\/annuaires\/wp-json\/wp\/v2\/posts\/37375\/revisions"}],"wp:attachment":[{"href":"https:\/\/www.lesmaconsdelacreuse.fr\/annuaires\/wp-json\/wp\/v2\/media?parent=37375"}],"wp:term":[{"taxonomy":"category","embeddable":true,"href":"https:\/\/www.lesmaconsdelacreuse.fr\/annuaires\/wp-json\/wp\/v2\/categories?post=37375"},{"taxonomy":"post_tag","embeddable":true,"href":"https:\/\/www.lesmaconsdelacreuse.fr\/annuaires\/wp-json\/wp\/v2\/tags?post=37375"}],"curies":[{"name":"wp","href":"https:\/\/api.w.org\/{rel}","templated":true}]}}