{"id":37381,"date":"2019-08-04T17:23:04","date_gmt":"2019-08-04T15:23:04","guid":{"rendered":"http:\/\/lesmaconsdelacreuse.fr\/annuaire\/?p=37381"},"modified":"2020-01-20T11:07:33","modified_gmt":"2020-01-20T10:07:33","slug":"m_266","status":"publish","type":"post","link":"https:\/\/www.lesmaconsdelacreuse.fr\/annuaires\/lettre-m\/m_266\/","title":{"rendered":"MARTINON  Jean (1836\u2013apr\u00e8s 1897)"},"content":{"rendered":"<p class=\"last-updated\"><strong>Mis \u00e0 jour le :<\/strong> 25\/04\/2026<\/p><h2 style=\"text-align: center;\"><strong>Jean MARTINON<\/strong><\/h2>\n<p style=\"text-align: center;\"><strong>Jean MARTINON l\u2019a\u00een\u00e9 \/ <\/strong><strong>Jean MARTINAUD<\/strong><\/p>\n<p style=\"text-align: center;\"><strong>1836 \u2013 apr\u00e8s 1897<\/strong><\/p>\n<p style=\"text-align: center;\"><img decoding=\"async\" title=\"\" src=\"https:\/\/lesmaconsdelacreuse.fr\/annuaire\/wp-content\/uploads\/2019\/08\/image1-1157.jpg\" alt=\"\" data-asset-id=\"37380\" data-source-id=\"i.0\" \/><\/p>\n<h4 style=\"text-align: center;\"><span style=\"color: #008000;\"><strong>ma\u00e7on <\/strong>et<strong> cultivateur<\/strong><\/span><\/h4>\n<p style=\"text-align: center;\">n\u00e9 au Poirier (Saint-Hilaire-le-Ch\u00e2teau)<\/p>\n<p style=\"text-align: center;\">Le 13 septembre 1836<\/p>\n<p style=\"text-align: center;\">fils de<\/p>\n<p style=\"text-align: center;\">Fran\u00e7ois MARTINAUD \/ Marie VINCENT<\/p>\n<p style=\"text-align: center;\">meuniers et propri\u00e9taires cultivateurs<\/p>\n<p style=\"text-align: center;\"><span style=\"color: #ffffff;\">\u25d9<\/span><\/p>\n<p><em>Jean habite La Vialle, commune de Saint-Moreil, avec ses parents.<\/em><\/p>\n<p><strong>En 1857<\/strong><em>, il travaille dans la <\/em><span style=\"color: #0000ff;\"><strong>Seine (75)<\/strong><\/span><em> et y passe le conseil de r\u00e9vision. Il est exempt\u00e9 de service militaire pour mauvaise conformation des jambes.<\/em><\/p>\n<p><em>Il \u00e9pouse Jeanne <\/em><strong>BALLUT <\/strong><em>le 20 mars<\/em> <strong>1860<\/strong><em> \u00e0 Saint-Julien-le-Petit ( 87 &#8211; contrat de Limoges \u00e0 Bourganeuf). Ils habitent La Vialle.<\/em><\/p>\n<p><em> Jeanne d\u00e9c\u00e8de au Pommier, m\u00eame commune, le 3 novembre <\/em><strong>1897<\/strong>,<em> \u00e2g\u00e9e de 59 ans.<\/em><\/p>\n","protected":false},"excerpt":{"rendered":"<p>Mis \u00e0 jour le : 25\/04\/2026Jean MARTINON Jean MARTINON l\u2019a\u00een\u00e9 \/ Jean MARTINAUD 1836 \u2013 apr\u00e8s 1897 ma\u00e7on et cultivateur n\u00e9 au Poirier (Saint-Hilaire-le-Ch\u00e2teau) Le 13 septembre 1836 fils de Fran\u00e7ois MARTINAUD \/ Marie VINCENT meuniers et propri\u00e9taires cultivateurs \u25d9 Jean habite La Vialle, commune de Saint-Moreil, avec ses parents. En 1857, il travaille dans ..<\/p>\n<div class=\"clear-fix\"><\/div>\n<p><a href=\"https:\/\/www.lesmaconsdelacreuse.fr\/annuaires\/lettre-m\/m_266\/\" title=\"Lire la suite...\">Lire la suite<\/a><\/p>\n","protected":false},"author":2,"featured_media":0,"comment_status":"closed","ping_status":"closed","sticky":false,"template":"","format":"standard","meta":{"_acf_changed":false,"_exactmetrics_skip_tracking":false,"_exactmetrics_sitenote_active":false,"_exactmetrics_sitenote_note":"","_exactmetrics_sitenote_category":0,"footnotes":""},"categories":[14],"tags":[],"class_list":["post-37381","post","type-post","status-publish","format-standard","hentry","category-lettre-m"],"acf":[],"_links":{"self":[{"href":"https:\/\/www.lesmaconsdelacreuse.fr\/annuaires\/wp-json\/wp\/v2\/posts\/37381","targetHints":{"allow":["GET"]}}],"collection":[{"href":"https:\/\/www.lesmaconsdelacreuse.fr\/annuaires\/wp-json\/wp\/v2\/posts"}],"about":[{"href":"https:\/\/www.lesmaconsdelacreuse.fr\/annuaires\/wp-json\/wp\/v2\/types\/post"}],"author":[{"embeddable":true,"href":"https:\/\/www.lesmaconsdelacreuse.fr\/annuaires\/wp-json\/wp\/v2\/users\/2"}],"replies":[{"embeddable":true,"href":"https:\/\/www.lesmaconsdelacreuse.fr\/annuaires\/wp-json\/wp\/v2\/comments?post=37381"}],"version-history":[{"count":0,"href":"https:\/\/www.lesmaconsdelacreuse.fr\/annuaires\/wp-json\/wp\/v2\/posts\/37381\/revisions"}],"wp:attachment":[{"href":"https:\/\/www.lesmaconsdelacreuse.fr\/annuaires\/wp-json\/wp\/v2\/media?parent=37381"}],"wp:term":[{"taxonomy":"category","embeddable":true,"href":"https:\/\/www.lesmaconsdelacreuse.fr\/annuaires\/wp-json\/wp\/v2\/categories?post=37381"},{"taxonomy":"post_tag","embeddable":true,"href":"https:\/\/www.lesmaconsdelacreuse.fr\/annuaires\/wp-json\/wp\/v2\/tags?post=37381"}],"curies":[{"name":"wp","href":"https:\/\/api.w.org\/{rel}","templated":true}]}}