{"id":37384,"date":"2019-08-04T17:23:04","date_gmt":"2019-08-04T15:23:04","guid":{"rendered":"http:\/\/lesmaconsdelacreuse.fr\/annuaire\/?p=37384"},"modified":"2020-09-21T09:26:23","modified_gmt":"2020-09-21T07:26:23","slug":"m_243","status":"publish","type":"post","link":"https:\/\/www.lesmaconsdelacreuse.fr\/annuaires\/lettre-m\/m_243\/","title":{"rendered":"MARTINAUD Denis (1866-1913)"},"content":{"rendered":"<p class=\"last-updated\"><strong>Mis \u00e0 jour le :<\/strong> 25\/04\/2026<\/p><h2 style=\"text-align: center;\"><strong>D<\/strong><strong>enis MARTINAUD<\/strong><\/h2>\n<p style=\"text-align: center;\"><strong>1866 &#8211; 1913<\/strong><\/p>\n<p style=\"text-align: center;\"><img loading=\"lazy\" decoding=\"async\" class=\"\" title=\"\" src=\"https:\/\/lesmaconsdelacreuse.fr\/annuaire\/wp-content\/uploads\/2019\/08\/image1-1158.jpg\" alt=\"\" width=\"437\" height=\"67\" data-asset-id=\"37382\" data-source-id=\"i.0\" \/><\/p>\n<h4 style=\"text-align: center;\"><span style=\"color: #008000;\"><strong>ma\u00e7on<\/strong><\/span><\/h4>\n<p style=\"text-align: center;\">n\u00e9 \u00e0 Rieublanc (Morterolles)<\/p>\n<p style=\"text-align: center;\">le 9 octobre 1866<\/p>\n<p style=\"text-align: center;\">fils de<\/p>\n<p style=\"text-align: center;\">Fran\u00e7ois MARTINAUD \/ Anne DARFEUILLE<\/p>\n<p style=\"text-align: center;\">cultivateurs<\/p>\n<p style=\"text-align: center;\"><span style=\"color: #ffffff;\">\u25d9<\/span><\/p>\n<p><strong>En 1887<\/strong><em>, Denis est class\u00e9 dans les services auxiliaires pour cause de varices.<\/em><\/p>\n<p><em>Il \u00e9pouse Marie Mazarine Pauline <\/em><strong>BERTRAND<\/strong><em> le 25 janvier <\/em><strong>1890<\/strong><em> \u00e0 Saint-Pierre-le-Bost (contrat Toumieux). Ils vivent d\u2019abord au bourg de Saint-Pardoux-Lavaud. <\/em><\/p>\n<p><strong>En 1891<\/strong><em>, Denis travaille \u00e0 <\/em><span style=\"color: #0000ff;\"><strong>Paris<\/strong> <strong>(75)<\/strong><\/span><em> et loge 12, rue Saint-M\u00e9dard. Il loge ensuite rue Mouffetard \u00e0 divers num\u00e9ros.<\/em><\/p>\n<p><strong>En 1897<\/strong><em>, les \u00e9poux sont tous deux \u00e0 Paris, 5e arrondissement.<\/em><\/p>\n<p><strong>D\u00e8s 1907<\/strong><em>, ils habitent 2, square Lagarde, aussi dans le 5e. <\/em><\/p>\n<p><em>Ils d\u00e9c\u00e8dent\u00a0:<\/em><\/p>\n<ul>\n<li><em>Denis, \u00e0 l\u2019adresse pr\u00e9c\u00e9dente, le 19 novembre <\/em><strong>1913<\/strong>,<em> \u00e2g\u00e9 de 47 ans, \u25ba<span style=\"color: #000000;\"><a style=\"color: #000000;\" href=\"https:\/\/www.lesmaconsdelacreuse.fr\/annuaires\/wp-content\/uploads\/2020\/08\/AB-INTESTAT.png\" target=\"_blank\" rel=\"noopener noreferrer\">ab intestat<\/a><\/span><br \/>\n<\/em><\/li>\n<li><em>Marie, \u00e0 Saint-Pierre-Bellevue, le 10 f\u00e9vrier <\/em><strong>1943<\/strong><em>, \u00e2g\u00e9e de 68 ans.<\/em><\/li>\n<\/ul>\n","protected":false},"excerpt":{"rendered":"<p>Mis \u00e0 jour le : 25\/04\/2026Denis MARTINAUD 1866 &#8211; 1913 ma\u00e7on n\u00e9 \u00e0 Rieublanc (Morterolles) le 9 octobre 1866 fils de Fran\u00e7ois MARTINAUD \/ Anne DARFEUILLE cultivateurs \u25d9 En 1887, Denis est class\u00e9 dans les services auxiliaires pour cause de varices. Il \u00e9pouse Marie Mazarine Pauline BERTRAND le 25 janvier 1890 \u00e0 Saint-Pierre-le-Bost (contrat Toumieux). ..<\/p>\n<div class=\"clear-fix\"><\/div>\n<p><a href=\"https:\/\/www.lesmaconsdelacreuse.fr\/annuaires\/lettre-m\/m_243\/\" title=\"Lire la suite...\">Lire la suite<\/a><\/p>\n","protected":false},"author":2,"featured_media":0,"comment_status":"closed","ping_status":"closed","sticky":false,"template":"","format":"standard","meta":{"_acf_changed":false,"_exactmetrics_skip_tracking":false,"_exactmetrics_sitenote_active":false,"_exactmetrics_sitenote_note":"","_exactmetrics_sitenote_category":0,"footnotes":""},"categories":[14],"tags":[],"class_list":["post-37384","post","type-post","status-publish","format-standard","hentry","category-lettre-m"],"acf":[],"_links":{"self":[{"href":"https:\/\/www.lesmaconsdelacreuse.fr\/annuaires\/wp-json\/wp\/v2\/posts\/37384","targetHints":{"allow":["GET"]}}],"collection":[{"href":"https:\/\/www.lesmaconsdelacreuse.fr\/annuaires\/wp-json\/wp\/v2\/posts"}],"about":[{"href":"https:\/\/www.lesmaconsdelacreuse.fr\/annuaires\/wp-json\/wp\/v2\/types\/post"}],"author":[{"embeddable":true,"href":"https:\/\/www.lesmaconsdelacreuse.fr\/annuaires\/wp-json\/wp\/v2\/users\/2"}],"replies":[{"embeddable":true,"href":"https:\/\/www.lesmaconsdelacreuse.fr\/annuaires\/wp-json\/wp\/v2\/comments?post=37384"}],"version-history":[{"count":0,"href":"https:\/\/www.lesmaconsdelacreuse.fr\/annuaires\/wp-json\/wp\/v2\/posts\/37384\/revisions"}],"wp:attachment":[{"href":"https:\/\/www.lesmaconsdelacreuse.fr\/annuaires\/wp-json\/wp\/v2\/media?parent=37384"}],"wp:term":[{"taxonomy":"category","embeddable":true,"href":"https:\/\/www.lesmaconsdelacreuse.fr\/annuaires\/wp-json\/wp\/v2\/categories?post=37384"},{"taxonomy":"post_tag","embeddable":true,"href":"https:\/\/www.lesmaconsdelacreuse.fr\/annuaires\/wp-json\/wp\/v2\/tags?post=37384"}],"curies":[{"name":"wp","href":"https:\/\/api.w.org\/{rel}","templated":true}]}}