{"id":37395,"date":"2019-08-04T17:23:03","date_gmt":"2019-08-04T15:23:03","guid":{"rendered":"http:\/\/lesmaconsdelacreuse.fr\/annuaire\/?p=37395"},"modified":"2020-10-12T13:24:45","modified_gmt":"2020-10-12T11:24:45","slug":"m_280","status":"publish","type":"post","link":"https:\/\/www.lesmaconsdelacreuse.fr\/annuaires\/lettre-m\/m_280\/","title":{"rendered":"MARTINAUD L\u00e9onard (1803-1873)"},"content":{"rendered":"<p class=\"last-updated\"><strong>Mis \u00e0 jour le :<\/strong> 25\/04\/2026<\/p><h2 style=\"text-align: center;\"><strong>L\u00e9onard MARTINAUD<\/strong><\/h2>\n<p style=\"text-align: center;\"><strong>1803 &#8211; 1873<\/strong><\/p>\n<p style=\"text-align: center;\"><img decoding=\"async\" title=\"\" src=\"https:\/\/lesmaconsdelacreuse.fr\/annuaire\/wp-content\/uploads\/2019\/08\/image1-1164.jpg\" alt=\"\" data-asset-id=\"37394\" data-source-id=\"i.0\" \/><\/p>\n<h4 style=\"text-align: center;\"><span style=\"color: #008000;\"><strong>ma\u00e7on <\/strong>et<strong> cultivateur<\/strong><\/span><\/h4>\n<p>&nbsp;<\/p>\n<p style=\"text-align: center;\">n\u00e9 \u00e0 La Breg\u00e8re (Saint-Junien-la-Breg\u00e8re)<\/p>\n<p style=\"text-align: center;\">le 15 prairial an XI (4 juin 1803)<\/p>\n<p style=\"text-align: center;\">fils de<\/p>\n<p style=\"text-align: center;\">L\u00e9onard MARTINAUD \/ Jeanne LEPELAT<\/p>\n<p style=\"text-align: center;\">\u25ba<a href=\"https:\/\/www.lesmaconsdelacreuse.fr\/annuaires\/wp-content\/uploads\/2020\/08\/COLON-COLON-PARTIAIRE.png\" target=\"_blank\" rel=\"noopener noreferrer\">colons<\/a><\/p>\n<p style=\"text-align: center;\"><span style=\"color: #ffffff;\">\u25d9<\/span><\/p>\n<p><em>L\u00e9onard \u00e9pouse Fran\u00e7oise <\/em><strong>MARTIN<\/strong><em> le 22 f\u00e9vrier <\/em><strong>1830<\/strong><em> \u00e0 Saint-Martin-Ch\u00e2teau.<\/em><\/p>\n<p><em> Ils habitent d\u2019abord Lansade, m\u00eame commune.<\/em><\/p>\n<p><em>Ils d\u00e9c\u00e8dent \u00e0 Prasinat, commune de Saint-Martin\u00a0:<\/em><\/p>\n<ul>\n<li><em>Fran\u00e7oise, le 8 septembre <\/em><strong>1872<\/strong><em>, \u00e2g\u00e9e de 62 ans<\/em><\/li>\n<li><em>L\u00e9onard, le 23 janvier <\/em><strong>1873<\/strong><em>, \u00e2g\u00e9 de 69 ans<\/em><\/li>\n<\/ul>\n<p>&nbsp;<\/p>\n","protected":false},"excerpt":{"rendered":"<p>Mis \u00e0 jour le : 25\/04\/2026L\u00e9onard MARTINAUD 1803 &#8211; 1873 ma\u00e7on et cultivateur &nbsp; n\u00e9 \u00e0 La Breg\u00e8re (Saint-Junien-la-Breg\u00e8re) le 15 prairial an XI (4 juin 1803) fils de L\u00e9onard MARTINAUD \/ Jeanne LEPELAT \u25bacolons \u25d9 L\u00e9onard \u00e9pouse Fran\u00e7oise MARTIN le 22 f\u00e9vrier 1830 \u00e0 Saint-Martin-Ch\u00e2teau. Ils habitent d\u2019abord Lansade, m\u00eame commune. Ils d\u00e9c\u00e8dent \u00e0 ..<\/p>\n<div class=\"clear-fix\"><\/div>\n<p><a href=\"https:\/\/www.lesmaconsdelacreuse.fr\/annuaires\/lettre-m\/m_280\/\" title=\"Lire la suite...\">Lire la suite<\/a><\/p>\n","protected":false},"author":2,"featured_media":0,"comment_status":"closed","ping_status":"closed","sticky":false,"template":"","format":"standard","meta":{"_acf_changed":false,"_exactmetrics_skip_tracking":false,"_exactmetrics_sitenote_active":false,"_exactmetrics_sitenote_note":"","_exactmetrics_sitenote_category":0,"footnotes":""},"categories":[14],"tags":[],"class_list":["post-37395","post","type-post","status-publish","format-standard","hentry","category-lettre-m"],"acf":[],"_links":{"self":[{"href":"https:\/\/www.lesmaconsdelacreuse.fr\/annuaires\/wp-json\/wp\/v2\/posts\/37395","targetHints":{"allow":["GET"]}}],"collection":[{"href":"https:\/\/www.lesmaconsdelacreuse.fr\/annuaires\/wp-json\/wp\/v2\/posts"}],"about":[{"href":"https:\/\/www.lesmaconsdelacreuse.fr\/annuaires\/wp-json\/wp\/v2\/types\/post"}],"author":[{"embeddable":true,"href":"https:\/\/www.lesmaconsdelacreuse.fr\/annuaires\/wp-json\/wp\/v2\/users\/2"}],"replies":[{"embeddable":true,"href":"https:\/\/www.lesmaconsdelacreuse.fr\/annuaires\/wp-json\/wp\/v2\/comments?post=37395"}],"version-history":[{"count":0,"href":"https:\/\/www.lesmaconsdelacreuse.fr\/annuaires\/wp-json\/wp\/v2\/posts\/37395\/revisions"}],"wp:attachment":[{"href":"https:\/\/www.lesmaconsdelacreuse.fr\/annuaires\/wp-json\/wp\/v2\/media?parent=37395"}],"wp:term":[{"taxonomy":"category","embeddable":true,"href":"https:\/\/www.lesmaconsdelacreuse.fr\/annuaires\/wp-json\/wp\/v2\/categories?post=37395"},{"taxonomy":"post_tag","embeddable":true,"href":"https:\/\/www.lesmaconsdelacreuse.fr\/annuaires\/wp-json\/wp\/v2\/tags?post=37395"}],"curies":[{"name":"wp","href":"https:\/\/api.w.org\/{rel}","templated":true}]}}