{"id":37399,"date":"2019-08-04T17:23:03","date_gmt":"2019-08-04T15:23:03","guid":{"rendered":"http:\/\/lesmaconsdelacreuse.fr\/annuaire\/?p=37399"},"modified":"2020-01-20T11:07:34","modified_gmt":"2020-01-20T10:07:34","slug":"m_251","status":"publish","type":"post","link":"https:\/\/www.lesmaconsdelacreuse.fr\/annuaires\/lettre-m\/m_251\/","title":{"rendered":"MARTINAUD Fran\u00e7ois (1811\u2013apr\u00e8s 1875)"},"content":{"rendered":"<p class=\"last-updated\"><strong>Mis \u00e0 jour le :<\/strong> 27\/04\/2026<\/p><h2 style=\"text-align: center;\"><strong>Fran\u00e7ois MARTINAUD<\/strong><\/h2>\n<p style=\"text-align: center;\"><strong>Fran\u00e7ois MARTINON<\/strong><\/p>\n<p style=\"text-align: center;\"><strong>1811 \u2013 apr\u00e8s 1875<\/strong><\/p>\n<p style=\"text-align: center;\"><img decoding=\"async\" title=\"\" src=\"https:\/\/lesmaconsdelacreuse.fr\/annuaire\/wp-content\/uploads\/2019\/08\/image1-1165.jpg\" alt=\"\" data-asset-id=\"37396\" data-source-id=\"i.0\" \/><\/p>\n<h4 style=\"text-align: center;\"><span style=\"color: #008000;\"><strong>ma\u00e7on <\/strong>et<strong> cultivateur<\/strong><\/span><\/h4>\n<p style=\"text-align: center;\">n\u00e9 \u00e0 Vergnolas (Roy\u00e8re)<\/p>\n<p style=\"text-align: center;\">le 24 octobre 1811<\/p>\n<p style=\"text-align: center;\">fils de<\/p>\n<p style=\"text-align: center;\">Jean-Baptiste MARTINAUD \/ L\u00e9onarde BOURDELEIX<\/p>\n<p style=\"text-align: center;\"><span style=\"color: #ffffff;\">\u25d9<\/span><\/p>\n<p><em>Fran\u00e7ois \u00e9pouse Anne <\/em><strong>JAGAILLE<\/strong><em> le 7 f\u00e9vrier <\/em><strong>1831<\/strong><em> \u00e0 Saint-Martin-Ch\u00e2teau\u00a0; il ne sait pas encore signer. Les \u00e9poux habitent Brudieux. <\/em><\/p>\n<p><em>Anne d\u00e9c\u00e8de \u00e0 Peyrat le 20 mai <\/em><strong>1851<\/strong><em>, \u00e2g\u00e9e de 36 ans.<\/em><\/p>\n<p><em>Fran\u00e7ois se remarie le 28 novembre de la m\u00eame ann\u00e9e<\/em> <em>\u00e0 Peyrat avec Marie <\/em><strong>PEYRATOUX<\/strong><em>, merci\u00e8re, veuve de Jean VIGON (mari\u00e9s sans contrat). Fran\u00e7ois ne sait toujours pas signer.<\/em><\/p>\n<p><em>Demeurant au Marchedieu, commune de Peyrat, Marie d\u00e9c\u00e8de journali\u00e8re \u00e0 Th\u00e9oly, m\u00eame commune, le 10 octobre <\/em><strong>1869<\/strong>,<em> \u00e2g\u00e9e de 51 ans.<\/em><\/p>\n<p><em>Fran\u00e7ois se marie en troisi\u00e8mes noces le 3 juillet <\/em><strong>1875<\/strong><em> \u00e0 Peyrat avec Jeanne <\/em><strong>GRENIER<\/strong><em> , veuve de Jean LEGROS et d\u2019Andr\u00e9 BAUDET (contrat Tramonteil).<\/em><\/p>\n<p style=\"text-align: center;\"><span style=\"color: #ffffff;\">\u25d9<\/span><\/p>\n","protected":false},"excerpt":{"rendered":"<p>Mis \u00e0 jour le : 27\/04\/2026Fran\u00e7ois MARTINAUD Fran\u00e7ois MARTINON 1811 \u2013 apr\u00e8s 1875 ma\u00e7on et cultivateur n\u00e9 \u00e0 Vergnolas (Roy\u00e8re) le 24 octobre 1811 fils de Jean-Baptiste MARTINAUD \/ L\u00e9onarde BOURDELEIX \u25d9 Fran\u00e7ois \u00e9pouse Anne JAGAILLE le 7 f\u00e9vrier 1831 \u00e0 Saint-Martin-Ch\u00e2teau\u00a0; il ne sait pas encore signer. Les \u00e9poux habitent Brudieux. Anne d\u00e9c\u00e8de \u00e0 ..<\/p>\n<div class=\"clear-fix\"><\/div>\n<p><a href=\"https:\/\/www.lesmaconsdelacreuse.fr\/annuaires\/lettre-m\/m_251\/\" title=\"Lire la suite...\">Lire la suite<\/a><\/p>\n","protected":false},"author":2,"featured_media":0,"comment_status":"closed","ping_status":"closed","sticky":false,"template":"","format":"standard","meta":{"_acf_changed":false,"_exactmetrics_skip_tracking":false,"_exactmetrics_sitenote_active":false,"_exactmetrics_sitenote_note":"","_exactmetrics_sitenote_category":0,"footnotes":""},"categories":[14],"tags":[],"class_list":["post-37399","post","type-post","status-publish","format-standard","hentry","category-lettre-m"],"acf":[],"_links":{"self":[{"href":"https:\/\/www.lesmaconsdelacreuse.fr\/annuaires\/wp-json\/wp\/v2\/posts\/37399","targetHints":{"allow":["GET"]}}],"collection":[{"href":"https:\/\/www.lesmaconsdelacreuse.fr\/annuaires\/wp-json\/wp\/v2\/posts"}],"about":[{"href":"https:\/\/www.lesmaconsdelacreuse.fr\/annuaires\/wp-json\/wp\/v2\/types\/post"}],"author":[{"embeddable":true,"href":"https:\/\/www.lesmaconsdelacreuse.fr\/annuaires\/wp-json\/wp\/v2\/users\/2"}],"replies":[{"embeddable":true,"href":"https:\/\/www.lesmaconsdelacreuse.fr\/annuaires\/wp-json\/wp\/v2\/comments?post=37399"}],"version-history":[{"count":0,"href":"https:\/\/www.lesmaconsdelacreuse.fr\/annuaires\/wp-json\/wp\/v2\/posts\/37399\/revisions"}],"wp:attachment":[{"href":"https:\/\/www.lesmaconsdelacreuse.fr\/annuaires\/wp-json\/wp\/v2\/media?parent=37399"}],"wp:term":[{"taxonomy":"category","embeddable":true,"href":"https:\/\/www.lesmaconsdelacreuse.fr\/annuaires\/wp-json\/wp\/v2\/categories?post=37399"},{"taxonomy":"post_tag","embeddable":true,"href":"https:\/\/www.lesmaconsdelacreuse.fr\/annuaires\/wp-json\/wp\/v2\/tags?post=37399"}],"curies":[{"name":"wp","href":"https:\/\/api.w.org\/{rel}","templated":true}]}}