{"id":37404,"date":"2019-08-04T17:23:02","date_gmt":"2019-08-04T15:23:02","guid":{"rendered":"http:\/\/lesmaconsdelacreuse.fr\/annuaire\/?p=37404"},"modified":"2020-10-05T09:25:53","modified_gmt":"2020-10-05T07:25:53","slug":"m_252","status":"publish","type":"post","link":"https:\/\/www.lesmaconsdelacreuse.fr\/annuaires\/lettre-m\/m_252\/","title":{"rendered":"MARTINAUD Fran\u00e7ois (1826\u20131873)"},"content":{"rendered":"<p class=\"last-updated\"><strong>Mis \u00e0 jour le :<\/strong> 27\/04\/2026<\/p><h2 style=\"text-align: center;\"><strong>Fran\u00e7ois MARTINAUD<\/strong><\/h2>\n<p style=\"text-align: center;\"><strong>1826 \u2013 1873<\/strong><\/p>\n<h4 style=\"text-align: center;\"><span style=\"color: #008000;\"><strong>ma\u00e7on <\/strong>et<\/span><strong>\u00a0<a href=\"https:\/\/www.lesmaconsdelacreuse.fr\/annuaires\/wp-content\/uploads\/2020\/07\/TAILLEUR-DE-PIERRE.png\">\u25ba <span style=\"color: #008000;\">tailleur de pierre<\/span><\/a><\/strong><\/h4>\n<p>&nbsp;<\/p>\n<p style=\"text-align: center;\">n\u00e9 au Mashyverneix (Peyrat-le-Ch\u00e2teau \u2013 87)<\/p>\n<p style=\"text-align: center;\">le 14 juillet 1826<\/p>\n<p style=\"text-align: center;\">fils de<\/p>\n<p style=\"text-align: center;\">L\u00e9onard MARTINAUD \/ Fran\u00e7oise CHAVANT<\/p>\n<p style=\"text-align: center;\">laboureurs<\/p>\n<p style=\"text-align: center;\"><span style=\"color: #ffffff;\">\u25d9<\/span><\/p>\n<p><strong>En 1846<\/strong><em><strong>,<\/strong> Fran\u00e7ois habite Saint-Martin-Ch\u00e2teau. <\/em><\/p>\n<p><strong>En 1873<\/strong><em><strong>,<\/strong> il travaille \u00e0 <\/em><span style=\"color: #0000ff;\"><strong>B\u00e9cheresse (16)<\/strong><\/span><em> avec les fr\u00e8res LIGONNI\u00c8RE depuis environ 6 semaines.<\/em><\/p>\n<p><em>Il y d\u00e9c\u00e8de le 17 juin de la m\u00eame ann\u00e9e, \u00e2g\u00e9 de 47 ans environ au domicile de Jean LIGONNI\u00c8RE jeune, tailleur de pierre. <\/em><\/p>\n<p>&nbsp;<\/p>\n","protected":false},"excerpt":{"rendered":"<p>Mis \u00e0 jour le : 27\/04\/2026Fran\u00e7ois MARTINAUD 1826 \u2013 1873 ma\u00e7on et\u00a0\u25ba tailleur de pierre &nbsp; n\u00e9 au Mashyverneix (Peyrat-le-Ch\u00e2teau \u2013 87) le 14 juillet 1826 fils de L\u00e9onard MARTINAUD \/ Fran\u00e7oise CHAVANT laboureurs \u25d9 En 1846, Fran\u00e7ois habite Saint-Martin-Ch\u00e2teau. En 1873, il travaille \u00e0 B\u00e9cheresse (16) avec les fr\u00e8res LIGONNI\u00c8RE depuis environ 6 semaines. ..<\/p>\n<div class=\"clear-fix\"><\/div>\n<p><a href=\"https:\/\/www.lesmaconsdelacreuse.fr\/annuaires\/lettre-m\/m_252\/\" title=\"Lire la suite...\">Lire la suite<\/a><\/p>\n","protected":false},"author":2,"featured_media":0,"comment_status":"closed","ping_status":"closed","sticky":false,"template":"","format":"standard","meta":{"_acf_changed":false,"_exactmetrics_skip_tracking":false,"_exactmetrics_sitenote_active":false,"_exactmetrics_sitenote_note":"","_exactmetrics_sitenote_category":0,"footnotes":""},"categories":[14],"tags":[],"class_list":["post-37404","post","type-post","status-publish","format-standard","hentry","category-lettre-m"],"acf":[],"_links":{"self":[{"href":"https:\/\/www.lesmaconsdelacreuse.fr\/annuaires\/wp-json\/wp\/v2\/posts\/37404","targetHints":{"allow":["GET"]}}],"collection":[{"href":"https:\/\/www.lesmaconsdelacreuse.fr\/annuaires\/wp-json\/wp\/v2\/posts"}],"about":[{"href":"https:\/\/www.lesmaconsdelacreuse.fr\/annuaires\/wp-json\/wp\/v2\/types\/post"}],"author":[{"embeddable":true,"href":"https:\/\/www.lesmaconsdelacreuse.fr\/annuaires\/wp-json\/wp\/v2\/users\/2"}],"replies":[{"embeddable":true,"href":"https:\/\/www.lesmaconsdelacreuse.fr\/annuaires\/wp-json\/wp\/v2\/comments?post=37404"}],"version-history":[{"count":0,"href":"https:\/\/www.lesmaconsdelacreuse.fr\/annuaires\/wp-json\/wp\/v2\/posts\/37404\/revisions"}],"wp:attachment":[{"href":"https:\/\/www.lesmaconsdelacreuse.fr\/annuaires\/wp-json\/wp\/v2\/media?parent=37404"}],"wp:term":[{"taxonomy":"category","embeddable":true,"href":"https:\/\/www.lesmaconsdelacreuse.fr\/annuaires\/wp-json\/wp\/v2\/categories?post=37404"},{"taxonomy":"post_tag","embeddable":true,"href":"https:\/\/www.lesmaconsdelacreuse.fr\/annuaires\/wp-json\/wp\/v2\/tags?post=37404"}],"curies":[{"name":"wp","href":"https:\/\/api.w.org\/{rel}","templated":true}]}}