{"id":37405,"date":"2019-08-04T17:23:02","date_gmt":"2019-08-04T15:23:02","guid":{"rendered":"http:\/\/lesmaconsdelacreuse.fr\/annuaire\/?p=37405"},"modified":"2020-01-20T11:07:36","modified_gmt":"2020-01-20T10:07:36","slug":"m_226","status":"publish","type":"post","link":"https:\/\/www.lesmaconsdelacreuse.fr\/annuaires\/lettre-m\/m_226\/","title":{"rendered":"MARTIN Pierre (1810-1838)"},"content":{"rendered":"<p class=\"last-updated\"><strong>Mis \u00e0 jour le :<\/strong> 27\/04\/2026<\/p><h2 style=\"text-align: center;\"><strong>Pierre MARTIN<\/strong><\/h2>\n<p style=\"text-align: center;\"><strong>1810 &#8211; 1838<\/strong><\/p>\n<p style=\"text-align: center;\"><img decoding=\"async\" title=\"\" src=\"https:\/\/lesmaconsdelacreuse.fr\/annuaire\/wp-content\/uploads\/2019\/08\/image1-1167.jpg\" alt=\"\" data-asset-id=\"37402\" data-source-id=\"i.0\" \/><\/p>\n<h4 style=\"text-align: center;\"><span style=\"color: #008000;\"><strong>ma\u00e7on <\/strong>et<strong> cultivateur<\/strong><\/span><\/h4>\n<p style=\"text-align: center;\">n\u00e9 \u00e0 Pimp\u00e9rigeas (Valli\u00e8re)<\/p>\n<p style=\"text-align: center;\">le 1er novembre 1810<\/p>\n<p style=\"text-align: center;\">fils de<\/p>\n<p style=\"text-align: center;\">Mathieu MARTIN \/ Marie Anne GUYONIE<\/p>\n<p style=\"text-align: center;\">propri\u00e9taires cultivateurs<\/p>\n<p style=\"text-align: center;\"><span style=\"color: #ffffff;\">\u25d9<\/span><\/p>\n<p><em>Pierre \u00e9pouse Marie <\/em><strong>GONDOULAUD<\/strong><em> le 4 f\u00e9vrier <\/em><strong>1833<\/strong><em> \u00e0 Saint-Pierre-le-Bost (contrat Lepetit au Monteil-au-Vicomte)\u00a0; il ne sait pas encore signer. <\/em><\/p>\n<p><em>Les \u00e9poux habitent le bourg de Saint-Pardoux-Lavaud.<\/em><\/p>\n<p><em> Pierre y d\u00e9c\u00e8de le 4 f\u00e9vrier <\/em><strong>1838<\/strong><em>, \u00e2g\u00e9 de 27 ans.<\/em><\/p>\n<p><em>Sa veuve se remarie en 1839 avec Jacques PINTON et d\u00e9c\u00e8de aux Brutisses, commune de Montboucher, le 1er juin 1858, \u00e2g\u00e9e de 44 ans.<\/em><\/p>\n","protected":false},"excerpt":{"rendered":"<p>Mis \u00e0 jour le : 27\/04\/2026Pierre MARTIN 1810 &#8211; 1838 ma\u00e7on et cultivateur n\u00e9 \u00e0 Pimp\u00e9rigeas (Valli\u00e8re) le 1er novembre 1810 fils de Mathieu MARTIN \/ Marie Anne GUYONIE propri\u00e9taires cultivateurs \u25d9 Pierre \u00e9pouse Marie GONDOULAUD le 4 f\u00e9vrier 1833 \u00e0 Saint-Pierre-le-Bost (contrat Lepetit au Monteil-au-Vicomte)\u00a0; il ne sait pas encore signer. Les \u00e9poux habitent ..<\/p>\n<div class=\"clear-fix\"><\/div>\n<p><a href=\"https:\/\/www.lesmaconsdelacreuse.fr\/annuaires\/lettre-m\/m_226\/\" title=\"Lire la suite...\">Lire la suite<\/a><\/p>\n","protected":false},"author":2,"featured_media":0,"comment_status":"closed","ping_status":"closed","sticky":false,"template":"","format":"standard","meta":{"_acf_changed":false,"_exactmetrics_skip_tracking":false,"_exactmetrics_sitenote_active":false,"_exactmetrics_sitenote_note":"","_exactmetrics_sitenote_category":0,"footnotes":""},"categories":[14],"tags":[],"class_list":["post-37405","post","type-post","status-publish","format-standard","hentry","category-lettre-m"],"acf":[],"_links":{"self":[{"href":"https:\/\/www.lesmaconsdelacreuse.fr\/annuaires\/wp-json\/wp\/v2\/posts\/37405","targetHints":{"allow":["GET"]}}],"collection":[{"href":"https:\/\/www.lesmaconsdelacreuse.fr\/annuaires\/wp-json\/wp\/v2\/posts"}],"about":[{"href":"https:\/\/www.lesmaconsdelacreuse.fr\/annuaires\/wp-json\/wp\/v2\/types\/post"}],"author":[{"embeddable":true,"href":"https:\/\/www.lesmaconsdelacreuse.fr\/annuaires\/wp-json\/wp\/v2\/users\/2"}],"replies":[{"embeddable":true,"href":"https:\/\/www.lesmaconsdelacreuse.fr\/annuaires\/wp-json\/wp\/v2\/comments?post=37405"}],"version-history":[{"count":0,"href":"https:\/\/www.lesmaconsdelacreuse.fr\/annuaires\/wp-json\/wp\/v2\/posts\/37405\/revisions"}],"wp:attachment":[{"href":"https:\/\/www.lesmaconsdelacreuse.fr\/annuaires\/wp-json\/wp\/v2\/media?parent=37405"}],"wp:term":[{"taxonomy":"category","embeddable":true,"href":"https:\/\/www.lesmaconsdelacreuse.fr\/annuaires\/wp-json\/wp\/v2\/categories?post=37405"},{"taxonomy":"post_tag","embeddable":true,"href":"https:\/\/www.lesmaconsdelacreuse.fr\/annuaires\/wp-json\/wp\/v2\/tags?post=37405"}],"curies":[{"name":"wp","href":"https:\/\/api.w.org\/{rel}","templated":true}]}}