{"id":37406,"date":"2019-08-04T17:23:02","date_gmt":"2019-08-04T15:23:02","guid":{"rendered":"http:\/\/lesmaconsdelacreuse.fr\/annuaire\/?p=37406"},"modified":"2020-09-21T16:42:28","modified_gmt":"2020-09-21T14:42:28","slug":"m_249","status":"publish","type":"post","link":"https:\/\/www.lesmaconsdelacreuse.fr\/annuaires\/lettre-m\/m_249\/","title":{"rendered":"MARTINAUD \u00c9tienne (1846-1930)"},"content":{"rendered":"<p class=\"last-updated\"><strong>Mis \u00e0 jour le :<\/strong> 27\/04\/2026<\/p><h2 style=\"text-align: center;\"><strong>\u00c9tienne MARTINAUD<\/strong><\/h2>\n<p style=\"text-align: center;\"><strong>1846 &#8211; 1930<\/strong><\/p>\n<p style=\"text-align: center;\"><img loading=\"lazy\" decoding=\"async\" class=\"\" title=\"\" src=\"https:\/\/lesmaconsdelacreuse.fr\/annuaire\/wp-content\/uploads\/2019\/08\/image1-1168.jpg\" alt=\"\" width=\"422\" height=\"86\" data-asset-id=\"37403\" data-source-id=\"i.0\" \/><\/p>\n<h4 style=\"text-align: center;\"><span style=\"color: #008000;\"><strong>ma\u00e7on <\/strong>et<strong> cultivateur<\/strong><\/span><\/h4>\n<p>&nbsp;<\/p>\n<p style=\"text-align: center;\">n\u00e9 \u00e0 Freisseix (Morterolles)<\/p>\n<p style=\"text-align: center;\">le 23 f\u00e9vrier 1846<\/p>\n<p style=\"text-align: center;\">fils de<\/p>\n<p style=\"text-align: center;\">L\u00e9onard MARTINAUD, <span style=\"color: #008000;\"><strong>ma\u00e7on<\/strong><\/span><\/p>\n<p style=\"text-align: center;\">Marguerite PATAUD, cultivatrice<\/p>\n<p style=\"text-align: center;\"><span style=\"color: #ffffff;\">\u25d9<\/span><\/p>\n<p><strong>En 1867<\/strong><em>, \u00c9tienne travaille dans le <\/em><span style=\"color: #0000ff;\"><strong>Rh\u00f4ne (69)<\/strong><\/span><em> et y passe le conseil de r\u00e9vision. Il est dispens\u00e9 de service militaire pour \u25ba<a href=\"https:\/\/www.lesmaconsdelacreuse.fr\/annuaires\/wp-content\/uploads\/2020\/08\/HERNIE-INGUINALE.png\" target=\"_blank\" rel=\"noopener noreferrer\">hernie inguinale<\/a>.<\/em><\/p>\n<p><em>Il habite Ch\u00e2tain, commune du Monteil-au-Vicomte, lorsqu\u2019il y \u00e9pouse Eug\u00e9nie Alexandrine <\/em><strong>DEBEIX <\/strong><em>le 8 f\u00e9vrier <\/em><strong>1875<\/strong><em> (aucune mention quant au contrat). Ils habitent Le Barry, m\u00eame commune.<\/em><\/p>\n<p><em>Eug\u00e9nie y d\u00e9c\u00e8de le 24 mars <\/em><strong>1890<\/strong><em>, \u00e2g\u00e9e de 33 ans. <\/em><\/p>\n<p><em>\u00c9tienne se remarie le 14 avril <\/em><strong>1894<\/strong><em> \u00e0 Saint-Yriex-la-Montagne avec Marie C\u00e9cile <\/em><strong>LAGARDE <\/strong><em>(contrat Dumont \u00e0 Valli\u00e8re). Ils vivent aussi au Barry.<\/em><\/p>\n<p><em> Ils y d\u00e9c\u00e8dent\u00a0:<\/em><\/p>\n<ul>\n<li><em>C\u00e9cile, le 6 mai <\/em><strong>1926<\/strong><em>, \u00e2g\u00e9e de 66 ans<\/em><\/li>\n<li><em>\u00c9tienne, le 25 avril <\/em><strong>1930<\/strong><em>, \u00e2g\u00e9 de 84 ans<\/em><\/li>\n<\/ul>\n<p>&nbsp;<\/p>\n","protected":false},"excerpt":{"rendered":"<p>Mis \u00e0 jour le : 27\/04\/2026\u00c9tienne MARTINAUD 1846 &#8211; 1930 ma\u00e7on et cultivateur &nbsp; n\u00e9 \u00e0 Freisseix (Morterolles) le 23 f\u00e9vrier 1846 fils de L\u00e9onard MARTINAUD, ma\u00e7on Marguerite PATAUD, cultivatrice \u25d9 En 1867, \u00c9tienne travaille dans le Rh\u00f4ne (69) et y passe le conseil de r\u00e9vision. Il est dispens\u00e9 de service militaire pour \u25bahernie inguinale. ..<\/p>\n<div class=\"clear-fix\"><\/div>\n<p><a href=\"https:\/\/www.lesmaconsdelacreuse.fr\/annuaires\/lettre-m\/m_249\/\" title=\"Lire la suite...\">Lire la suite<\/a><\/p>\n","protected":false},"author":2,"featured_media":0,"comment_status":"closed","ping_status":"closed","sticky":false,"template":"","format":"standard","meta":{"_acf_changed":false,"_exactmetrics_skip_tracking":false,"_exactmetrics_sitenote_active":false,"_exactmetrics_sitenote_note":"","_exactmetrics_sitenote_category":0,"footnotes":""},"categories":[14],"tags":[],"class_list":["post-37406","post","type-post","status-publish","format-standard","hentry","category-lettre-m"],"acf":[],"_links":{"self":[{"href":"https:\/\/www.lesmaconsdelacreuse.fr\/annuaires\/wp-json\/wp\/v2\/posts\/37406","targetHints":{"allow":["GET"]}}],"collection":[{"href":"https:\/\/www.lesmaconsdelacreuse.fr\/annuaires\/wp-json\/wp\/v2\/posts"}],"about":[{"href":"https:\/\/www.lesmaconsdelacreuse.fr\/annuaires\/wp-json\/wp\/v2\/types\/post"}],"author":[{"embeddable":true,"href":"https:\/\/www.lesmaconsdelacreuse.fr\/annuaires\/wp-json\/wp\/v2\/users\/2"}],"replies":[{"embeddable":true,"href":"https:\/\/www.lesmaconsdelacreuse.fr\/annuaires\/wp-json\/wp\/v2\/comments?post=37406"}],"version-history":[{"count":0,"href":"https:\/\/www.lesmaconsdelacreuse.fr\/annuaires\/wp-json\/wp\/v2\/posts\/37406\/revisions"}],"wp:attachment":[{"href":"https:\/\/www.lesmaconsdelacreuse.fr\/annuaires\/wp-json\/wp\/v2\/media?parent=37406"}],"wp:term":[{"taxonomy":"category","embeddable":true,"href":"https:\/\/www.lesmaconsdelacreuse.fr\/annuaires\/wp-json\/wp\/v2\/categories?post=37406"},{"taxonomy":"post_tag","embeddable":true,"href":"https:\/\/www.lesmaconsdelacreuse.fr\/annuaires\/wp-json\/wp\/v2\/tags?post=37406"}],"curies":[{"name":"wp","href":"https:\/\/api.w.org\/{rel}","templated":true}]}}