{"id":37409,"date":"2019-08-04T17:23:02","date_gmt":"2019-08-04T15:23:02","guid":{"rendered":"http:\/\/lesmaconsdelacreuse.fr\/annuaire\/?p=37409"},"modified":"2020-01-20T11:07:36","modified_gmt":"2020-01-20T10:07:36","slug":"m_256","status":"publish","type":"post","link":"https:\/\/www.lesmaconsdelacreuse.fr\/annuaires\/lettre-m\/m_256\/","title":{"rendered":"MARTINAUD Fran\u00e7ois (1862 &#8211; 1929)"},"content":{"rendered":"<p class=\"last-updated\"><strong>Mis \u00e0 jour le :<\/strong> 27\/04\/2026<\/p><h2 style=\"text-align: center;\"><strong>Fran\u00e7ois MARTINAUD<\/strong><\/h2>\n<p style=\"text-align: center;\"><strong>1862 &#8211; 1929<\/strong><\/p>\n<p style=\"text-align: center;\"><img decoding=\"async\" title=\"\" src=\"https:\/\/lesmaconsdelacreuse.fr\/annuaire\/wp-content\/uploads\/2019\/08\/image1-1169.jpg\" alt=\"\" data-asset-id=\"37407\" data-source-id=\"i.0\" \/><\/p>\n<h4 style=\"text-align: center;\"><span style=\"color: #008000;\"><strong>ma\u00e7on <\/strong>et <strong>propri\u00e9tair<\/strong><em>e <\/em><strong>cultivateur<\/strong><\/span><\/h4>\n<p style=\"text-align: center;\">n\u00e9 \u00e0 Auzoux (Roy\u00e8re)<\/p>\n<p style=\"text-align: center;\">le 30 ao\u00fbt 1862<\/p>\n<p style=\"text-align: center;\">fils de<\/p>\n<p style=\"text-align: center;\">Fran\u00e7ois MARTINAUD, <span style=\"color: #008000;\"><strong>ma\u00e7on<\/strong><\/span><\/p>\n<p style=\"text-align: center;\">Jeanne LEROUDIER, cultivatrice<\/p>\n<p style=\"text-align: center;\"><span style=\"color: #ffffff;\">\u25d9<\/span><\/p>\n<p><em>Fran\u00e7ois \u00e9pouse Marie Jeanne <\/em><strong>TIXIER<\/strong><em> le 29 janvier <\/em><strong>1885<\/strong><em> \u00e0 Roy\u00e8re (contrat Toumieux). Le couple habite Larfouill\u00e8re, m\u00eame commune. <\/em><\/p>\n<p><strong>En 1890<\/strong><em>, Fran\u00e7ois est \u00e0 <\/em><span style=\"color: #0000ff;\"><strong>Lyon (69)<\/strong><\/span><em>, et habite 55, Rue de Bonnel.\u00a0<\/em><\/p>\n<p><em>Les \u00e9poux d\u00e9c\u00e8dent \u00e0 Auzoux\u00a0:<\/em><\/p>\n<ul>\n<li><em>Fran\u00e7ois, le 1er janvier <\/em><strong>1929<\/strong>,<em> \u00e2g\u00e9 de 66 ans<\/em><\/li>\n<li><em>Marie Jeanne, le 17 mars <\/em><strong>1944<\/strong><em>, \u00e2g\u00e9e de 79 ans<\/em><\/li>\n<\/ul>\n","protected":false},"excerpt":{"rendered":"<p>Mis \u00e0 jour le : 27\/04\/2026Fran\u00e7ois MARTINAUD 1862 &#8211; 1929 ma\u00e7on et propri\u00e9taire cultivateur n\u00e9 \u00e0 Auzoux (Roy\u00e8re) le 30 ao\u00fbt 1862 fils de Fran\u00e7ois MARTINAUD, ma\u00e7on Jeanne LEROUDIER, cultivatrice \u25d9 Fran\u00e7ois \u00e9pouse Marie Jeanne TIXIER le 29 janvier 1885 \u00e0 Roy\u00e8re (contrat Toumieux). Le couple habite Larfouill\u00e8re, m\u00eame commune. En 1890, Fran\u00e7ois est \u00e0 ..<\/p>\n<div class=\"clear-fix\"><\/div>\n<p><a href=\"https:\/\/www.lesmaconsdelacreuse.fr\/annuaires\/lettre-m\/m_256\/\" title=\"Lire la suite...\">Lire la suite<\/a><\/p>\n","protected":false},"author":2,"featured_media":0,"comment_status":"closed","ping_status":"closed","sticky":false,"template":"","format":"standard","meta":{"_acf_changed":false,"_exactmetrics_skip_tracking":false,"_exactmetrics_sitenote_active":false,"_exactmetrics_sitenote_note":"","_exactmetrics_sitenote_category":0,"footnotes":""},"categories":[14],"tags":[],"class_list":["post-37409","post","type-post","status-publish","format-standard","hentry","category-lettre-m"],"acf":[],"_links":{"self":[{"href":"https:\/\/www.lesmaconsdelacreuse.fr\/annuaires\/wp-json\/wp\/v2\/posts\/37409","targetHints":{"allow":["GET"]}}],"collection":[{"href":"https:\/\/www.lesmaconsdelacreuse.fr\/annuaires\/wp-json\/wp\/v2\/posts"}],"about":[{"href":"https:\/\/www.lesmaconsdelacreuse.fr\/annuaires\/wp-json\/wp\/v2\/types\/post"}],"author":[{"embeddable":true,"href":"https:\/\/www.lesmaconsdelacreuse.fr\/annuaires\/wp-json\/wp\/v2\/users\/2"}],"replies":[{"embeddable":true,"href":"https:\/\/www.lesmaconsdelacreuse.fr\/annuaires\/wp-json\/wp\/v2\/comments?post=37409"}],"version-history":[{"count":0,"href":"https:\/\/www.lesmaconsdelacreuse.fr\/annuaires\/wp-json\/wp\/v2\/posts\/37409\/revisions"}],"wp:attachment":[{"href":"https:\/\/www.lesmaconsdelacreuse.fr\/annuaires\/wp-json\/wp\/v2\/media?parent=37409"}],"wp:term":[{"taxonomy":"category","embeddable":true,"href":"https:\/\/www.lesmaconsdelacreuse.fr\/annuaires\/wp-json\/wp\/v2\/categories?post=37409"},{"taxonomy":"post_tag","embeddable":true,"href":"https:\/\/www.lesmaconsdelacreuse.fr\/annuaires\/wp-json\/wp\/v2\/tags?post=37409"}],"curies":[{"name":"wp","href":"https:\/\/api.w.org\/{rel}","templated":true}]}}