{"id":37415,"date":"2019-08-04T17:23:02","date_gmt":"2019-08-04T15:23:02","guid":{"rendered":"http:\/\/lesmaconsdelacreuse.fr\/annuaire\/?p=37415"},"modified":"2020-01-20T11:07:35","modified_gmt":"2020-01-20T10:07:35","slug":"m_246","status":"publish","type":"post","link":"https:\/\/www.lesmaconsdelacreuse.fr\/annuaires\/lettre-m\/m_246\/","title":{"rendered":"MARTINAUD \u00c9tienne (1806-1843)"},"content":{"rendered":"<p class=\"last-updated\"><strong>Mis \u00e0 jour le :<\/strong> 27\/04\/2026<\/p><h2 style=\"text-align: center;\"><strong>\u00c9tienne MARTINAUD<\/strong><\/h2>\n<p style=\"text-align: center;\"><strong>1806 &#8211; 1843<\/strong><\/p>\n<p style=\"text-align: center;\"><img decoding=\"async\" title=\"\" src=\"https:\/\/lesmaconsdelacreuse.fr\/annuaire\/wp-content\/uploads\/2019\/08\/image1-1171.jpg\" alt=\"\" data-asset-id=\"37414\" data-source-id=\"i.0\" \/><\/p>\n<h4 style=\"text-align: center;\"><span style=\"color: #008000;\"><strong>ma\u00e7on <\/strong>et <strong>cultivateur<\/strong><\/span><\/h4>\n<p style=\"text-align: center;\">n\u00e9 \u00e0 Villatange (Morterolles)<\/p>\n<p style=\"text-align: center;\">le 25 janvier 1806<\/p>\n<p style=\"text-align: center;\">fils de<\/p>\n<p style=\"text-align: center;\">\u00c9tienne MARTINAUD \/ Genevi\u00e8ve GROSSET<\/p>\n<p style=\"text-align: center;\">cultivateurs<\/p>\n<p style=\"text-align: center;\"><span style=\"color: #ffffff;\">\u25d9<\/span><\/p>\n<p><em>\u00c9tienne \u00e9pouse Th\u00e9r\u00e8se <\/em><strong>TRUFFY<\/strong><em> le 20 f\u00e9vrier <\/em><strong>1830<\/strong> <em>\u00e0 Saint-Pardoux-Lavaud.<\/em><\/p>\n<p><em>Les \u00e9poux vivent \u00e0 Saint-Pardoux.<\/em><\/p>\n<p><em> Ils y d\u00e9c\u00e8dent\u00a0:<\/em><\/p>\n<ul>\n<li><em> \u00c9tienne, le 21 novembre <\/em><strong>1843<\/strong>,<em> \u00e2g\u00e9 de 37 ans<\/em><\/li>\n<li><em>Th\u00e9r\u00e8se, le 20 f\u00e9vrier <\/em><strong>1866<\/strong><em>, \u00e2g\u00e9 de 55 ans<\/em><\/li>\n<\/ul>\n","protected":false},"excerpt":{"rendered":"<p>Mis \u00e0 jour le : 27\/04\/2026\u00c9tienne MARTINAUD 1806 &#8211; 1843 ma\u00e7on et cultivateur n\u00e9 \u00e0 Villatange (Morterolles) le 25 janvier 1806 fils de \u00c9tienne MARTINAUD \/ Genevi\u00e8ve GROSSET cultivateurs \u25d9 \u00c9tienne \u00e9pouse Th\u00e9r\u00e8se TRUFFY le 20 f\u00e9vrier 1830 \u00e0 Saint-Pardoux-Lavaud. Les \u00e9poux vivent \u00e0 Saint-Pardoux. Ils y d\u00e9c\u00e8dent\u00a0: \u00c9tienne, le 21 novembre 1843, \u00e2g\u00e9 de ..<\/p>\n<div class=\"clear-fix\"><\/div>\n<p><a href=\"https:\/\/www.lesmaconsdelacreuse.fr\/annuaires\/lettre-m\/m_246\/\" title=\"Lire la suite...\">Lire la suite<\/a><\/p>\n","protected":false},"author":2,"featured_media":0,"comment_status":"closed","ping_status":"closed","sticky":false,"template":"","format":"standard","meta":{"_acf_changed":false,"_exactmetrics_skip_tracking":false,"_exactmetrics_sitenote_active":false,"_exactmetrics_sitenote_note":"","_exactmetrics_sitenote_category":0,"footnotes":""},"categories":[14],"tags":[],"class_list":["post-37415","post","type-post","status-publish","format-standard","hentry","category-lettre-m"],"acf":[],"_links":{"self":[{"href":"https:\/\/www.lesmaconsdelacreuse.fr\/annuaires\/wp-json\/wp\/v2\/posts\/37415","targetHints":{"allow":["GET"]}}],"collection":[{"href":"https:\/\/www.lesmaconsdelacreuse.fr\/annuaires\/wp-json\/wp\/v2\/posts"}],"about":[{"href":"https:\/\/www.lesmaconsdelacreuse.fr\/annuaires\/wp-json\/wp\/v2\/types\/post"}],"author":[{"embeddable":true,"href":"https:\/\/www.lesmaconsdelacreuse.fr\/annuaires\/wp-json\/wp\/v2\/users\/2"}],"replies":[{"embeddable":true,"href":"https:\/\/www.lesmaconsdelacreuse.fr\/annuaires\/wp-json\/wp\/v2\/comments?post=37415"}],"version-history":[{"count":0,"href":"https:\/\/www.lesmaconsdelacreuse.fr\/annuaires\/wp-json\/wp\/v2\/posts\/37415\/revisions"}],"wp:attachment":[{"href":"https:\/\/www.lesmaconsdelacreuse.fr\/annuaires\/wp-json\/wp\/v2\/media?parent=37415"}],"wp:term":[{"taxonomy":"category","embeddable":true,"href":"https:\/\/www.lesmaconsdelacreuse.fr\/annuaires\/wp-json\/wp\/v2\/categories?post=37415"},{"taxonomy":"post_tag","embeddable":true,"href":"https:\/\/www.lesmaconsdelacreuse.fr\/annuaires\/wp-json\/wp\/v2\/tags?post=37415"}],"curies":[{"name":"wp","href":"https:\/\/api.w.org\/{rel}","templated":true}]}}